                       {"id":11467,"date":"2019-11-18T16:13:43","date_gmt":"2019-11-18T22:13:43","guid":{"rendered":"http:\/\/laultimapalabra.info\/?p=11467"},"modified":"2024-12-11T08:56:33","modified_gmt":"2024-12-11T14:56:33","slug":"fue-reunion-de-amigos","status":"publish","type":"post","link":"https:\/\/laultimapalabra.com.mx\/portal\/fue-reunion-de-amigos\/","title":{"rendered":"\u201cFue reuni\u00f3n de amigos\u201d"},"content":{"rendered":"<p style=\"text-align: justify;\">Niega Heriberto Trevi\u00f1o, haya sido \u201creparto del pastel\u201d, reuni\u00f3n en su casa; Pedro Pablo evade el tema<\/p>\n<p style=\"text-align: justify;\"><img loading=\"lazy\" decoding=\"async\" class=\"size-medium wp-image-11468 alignright\" src=\"https:\/\/laultimapalabra.com.mx\/portal\/wp-content\/uploads\/2019\/11\/WhatsApp-Image-2019-11-18-at-9.19.32-AM-300x225.jpeg\" alt=\"\" width=\"300\" height=\"225\" \/>Miguel Oscar P\u00e9rez<br \/>\nCD. BENITO JU\u00c1REZ, N.L.-<br \/>\nEntrevistados el presidente del PRI, Pedro Pablo Trevi\u00f1o Villarreal y Heriberto Trevi\u00f1o, despu\u00e9s de la Caminata de la Unidad, sobre la pol\u00e9mica reuni\u00f3n en la casa del alcalde de Ju\u00e1rez, Mientras Pablo esquivaba el tema, el alcalde juarense minimizaba la pol\u00e9mica aduciendo que hab\u00eda sido una \u201creuni\u00f3n de amigos\u201d solamente.<br \/>\nAl cuestionarle a Heriberto si le gustar\u00eda presidir el PRI estatal, uno de los hombres fuertes del PRI estatal se\u00f1al\u00f3 que no estaba en sus proyectos a futuro esa posibilidad, ya que en estos momentos trabaja por el municipio.<br \/>\n\u201cYo creo que a veces se malinterpretan cosas como esta, pero es un evento que hacemos a\u00f1o con a\u00f1o, pero siempre respetuosos de las directrices que marca nuestro dirigente estatal\u201d, a\u00f1adi\u00f3 el edil juarense.<br \/>\nAl recordarle la reuni\u00f3n espec\u00edfica en la que se hab\u00eda dicho de un proyecto pol\u00edtico a futuro, el edil mencion\u00f3 que no era el caso, que en su casa se han hecho muchas reuniones.<br \/>\n\u201cLa verdad no se habl\u00f3 de eso, estamos ahorita trabajando en reuniones de amigos, he sido alcalde tres veces y a veces me junto con ellos peri\u00f3dicamente y no es una reuni\u00f3n donde se haya tratado nada de eso ni de candidatura ni mucho menos\u2026\u201d, argument\u00f3.<br \/>\nPor su parte, Pedro Pablo Trevi\u00f1o, mencion\u00f3 que no es una decisi\u00f3n de \u00e9l, al cuestionare si le gustar\u00eda que fuera Heriberto quien lo sustituyera en el liderazgo estatal del PRI.<br \/>\n\u201cEsa es una decisi\u00f3n del futuro Consejo Pol\u00edtico. Los funcionarios que han sido electos para una responsabilidad, unos somos alcaldes, unos somos diputados, los gobernadores, tienen una responsabilidad con la gente que los eligi\u00f3, yo creo que el PRI es un partido de unidad, es un partido plural, es un partido abierto\u201d, rese\u00f1\u00f3 el dirigente tricolor.<br \/>\nMencion\u00f3 que ahorita el PRI estatal se encuentra en un proceso de renovaci\u00f3n del Consejo Pol\u00edtico y que este ser\u00e1 quien decida el pr\u00f3ximo febrero, quien ser\u00e1 quien dirija el PRI estatal.<br \/>\nEl reportero de este medio informativo se\u00f1alo la necesidad de una limpieza al interior del partido de aquellos que se les han comprobado hechos d corrupci\u00f3n, acci\u00f3n que le dar\u00eda mayor credibilidad al PRI.<br \/>\n\u201cPara eso existen los \u00f3rganos internos del partido, para se\u00f1alar o en su caso expulsar a malos priistas. El PRI por lo general es su militancia no debe sentirse afectada por s\u00f3lo algunos que no le han dado a nuestro instituto pol\u00edtico la altura y el respeto y la lealtad que se merece\u2026\u201d, mencion\u00f3.<br \/>\nPara finalizar mencion\u00f3 que la empresa que se supone comprar\u00eda el dron del gobierno estatal, adquisici\u00f3n pol\u00e9mica por su costo, el dirigente estatal mencion\u00f3 que podr\u00eda ser el mismo gobierno quien lo adquiera en forma irregular para evadir la acci\u00f3n de la justicia y mencion\u00f3 que Nuevo Le\u00f3n, ya no soporta al gobierno estatal actual.<\/p>\n","protected":false},"excerpt":{"rendered":"<p>Niega Heriberto Trevi\u00f1o, haya sido \u201creparto del pastel\u201d, reuni\u00f3n en su casa; Pedro Pablo evade el tema Miguel Oscar P\u00e9rez CD. BENITO JU\u00c1REZ, N.L.- Entrevistados el presidente del PRI, Pedro Pablo Trevi\u00f1o Villarreal y Heriberto Trevi\u00f1o, despu\u00e9s de la Caminata de la Unidad, sobre la pol\u00e9mica reuni\u00f3n en la casa del alcalde de Ju\u00e1rez, Mientras [&hellip;]<\/p>\n","protected":false},"author":9,"featured_media":11468,"comment_status":"open","ping_status":"closed","sticky":false,"template":"","format":"standard","meta":{"footnotes":""},"categories":[18],"tags":[1187,1757,1853],"class_list":["post-11467","post","type-post","status-publish","format-standard","has-post-thumbnail","hentry","category-locales-juarez","tag-heriberto-trevino","tag-pedro-pablo-trevino","tag-pri-estatal"],"_links":{"self":[{"href":"https:\/\/laultimapalabra.com.mx\/portal\/wp-json\/wp\/v2\/posts\/11467","targetHints":{"allow":["GET"]}}],"collection":[{"href":"https:\/\/laultimapalabra.com.mx\/portal\/wp-json\/wp\/v2\/posts"}],"about":[{"href":"https:\/\/laultimapalabra.com.mx\/portal\/wp-json\/wp\/v2\/types\/post"}],"author":[{"embeddable":true,"href":"https:\/\/laultimapalabra.com.mx\/portal\/wp-json\/wp\/v2\/users\/9"}],"replies":[{"embeddable":true,"href":"https:\/\/laultimapalabra.com.mx\/portal\/wp-json\/wp\/v2\/comments?post=11467"}],"version-history":[{"count":1,"href":"https:\/\/laultimapalabra.com.mx\/portal\/wp-json\/wp\/v2\/posts\/11467\/revisions"}],"predecessor-version":[{"id":69037,"href":"https:\/\/laultimapalabra.com.mx\/portal\/wp-json\/wp\/v2\/posts\/11467\/revisions\/69037"}],"wp:featuredmedia":[{"embeddable":true,"href":"https:\/\/laultimapalabra.com.mx\/portal\/wp-json\/"}],"wp:attachment":[{"href":"https:\/\/laultimapalabra.com.mx\/portal\/wp-json\/wp\/v2\/media?parent=11467"}],"wp:term":[{"taxonomy":"category","embeddable":true,"href":"https:\/\/laultimapalabra.com.mx\/portal\/wp-json\/wp\/v2\/categories?post=11467"},{"taxonomy":"post_tag","embeddable":true,"href":"https:\/\/laultimapalabra.com.mx\/portal\/wp-json\/wp\/v2\/tags?post=11467"}],"curies":[{"name":"wp","href":"https:\/\/api.w.org\/{rel}","templated":true}]}}