                       {"id":115421,"date":"2026-04-24T14:43:39","date_gmt":"2026-04-24T20:43:39","guid":{"rendered":"https:\/\/laultimapalabra.com.mx\/portal\/?p=115421"},"modified":"2026-04-24T14:43:39","modified_gmt":"2026-04-24T20:43:39","slug":"artista-de-cadereyta-destaca-en-feria-internacional-de-arte","status":"publish","type":"post","link":"https:\/\/laultimapalabra.com.mx\/portal\/artista-de-cadereyta-destaca-en-feria-internacional-de-arte\/","title":{"rendered":"Artista de Cadereyta destaca en feria internacional de arte"},"content":{"rendered":"<blockquote><p><img loading=\"lazy\" decoding=\"async\" class=\"alignnone size-medium wp-image-115390\" src=\"https:\/\/laultimapalabra.com.mx\/portal\/wp-content\/uploads\/2026\/04\/4fa56272-4645-4aca-b4e0-6a1605de9f89-225x300.jpeg\" alt=\"\" width=\"225\" height=\"300\" srcset=\"https:\/\/laultimapalabra.com.mx\/portal\/wp-content\/uploads\/2026\/04\/4fa56272-4645-4aca-b4e0-6a1605de9f89-225x300.jpeg 225w, https:\/\/laultimapalabra.com.mx\/portal\/wp-content\/uploads\/2026\/04\/4fa56272-4645-4aca-b4e0-6a1605de9f89-768x1024.jpeg 768w, https:\/\/laultimapalabra.com.mx\/portal\/wp-content\/uploads\/2026\/04\/4fa56272-4645-4aca-b4e0-6a1605de9f89-1152x1536.jpeg 1152w, https:\/\/laultimapalabra.com.mx\/portal\/wp-content\/uploads\/2026\/04\/4fa56272-4645-4aca-b4e0-6a1605de9f89.jpeg 1200w\" sizes=\"auto, (max-width: 225px) 100vw, 225px\" \/><\/p><\/blockquote>\n<p>Cadereyta N.L. \u2014 La artista visual Andrea Rodel, originaria de Cadereyta Jim\u00e9nez, fue seleccionada como participante oficial en la Noreste Art Fair, feria internacional de arte contempor\u00e1neo realizada el 18 y 19 de abril en el Club Palestino Liban\u00e9s, en San Pedro Garza Garc\u00eda.<\/p>\n<p><img loading=\"lazy\" decoding=\"async\" class=\"alignnone size-medium wp-image-115396\" src=\"https:\/\/laultimapalabra.com.mx\/portal\/wp-content\/uploads\/2026\/04\/169cc1ec-007e-49c6-8693-e0b22d3e43de-200x300.jpeg\" alt=\"\" width=\"200\" height=\"300\" srcset=\"https:\/\/laultimapalabra.com.mx\/portal\/wp-content\/uploads\/2026\/04\/169cc1ec-007e-49c6-8693-e0b22d3e43de-200x300.jpeg 200w, https:\/\/laultimapalabra.com.mx\/portal\/wp-content\/uploads\/2026\/04\/169cc1ec-007e-49c6-8693-e0b22d3e43de-683x1024.jpeg 683w, https:\/\/laultimapalabra.com.mx\/portal\/wp-content\/uploads\/2026\/04\/169cc1ec-007e-49c6-8693-e0b22d3e43de-768x1152.jpeg 768w, https:\/\/laultimapalabra.com.mx\/portal\/wp-content\/uploads\/2026\/04\/169cc1ec-007e-49c6-8693-e0b22d3e43de-1024x1536.jpeg 1024w, https:\/\/laultimapalabra.com.mx\/portal\/wp-content\/uploads\/2026\/04\/169cc1ec-007e-49c6-8693-e0b22d3e43de.jpeg 1066w\" sizes=\"auto, (max-width: 200px) 100vw, 200px\" \/><img loading=\"lazy\" decoding=\"async\" class=\"alignnone size-medium wp-image-115395\" src=\"https:\/\/laultimapalabra.com.mx\/portal\/wp-content\/uploads\/2026\/04\/69dd043f-673b-4e33-af62-0af03e03e966-200x300.jpeg\" alt=\"\" width=\"200\" height=\"300\" srcset=\"https:\/\/laultimapalabra.com.mx\/portal\/wp-content\/uploads\/2026\/04\/69dd043f-673b-4e33-af62-0af03e03e966-200x300.jpeg 200w, https:\/\/laultimapalabra.com.mx\/portal\/wp-content\/uploads\/2026\/04\/69dd043f-673b-4e33-af62-0af03e03e966-683x1024.jpeg 683w, https:\/\/laultimapalabra.com.mx\/portal\/wp-content\/uploads\/2026\/04\/69dd043f-673b-4e33-af62-0af03e03e966-768x1152.jpeg 768w, https:\/\/laultimapalabra.com.mx\/portal\/wp-content\/uploads\/2026\/04\/69dd043f-673b-4e33-af62-0af03e03e966-1024x1536.jpeg 1024w, https:\/\/laultimapalabra.com.mx\/portal\/wp-content\/uploads\/2026\/04\/69dd043f-673b-4e33-af62-0af03e03e966.jpeg 1066w\" sizes=\"auto, (max-width: 200px) 100vw, 200px\" \/><img loading=\"lazy\" decoding=\"async\" class=\"alignnone size-medium wp-image-115394\" src=\"https:\/\/laultimapalabra.com.mx\/portal\/wp-content\/uploads\/2026\/04\/11d38785-6779-4857-bc29-68e06663a5bf-200x300.jpeg\" alt=\"\" width=\"200\" height=\"300\" srcset=\"https:\/\/laultimapalabra.com.mx\/portal\/wp-content\/uploads\/2026\/04\/11d38785-6779-4857-bc29-68e06663a5bf-200x300.jpeg 200w, https:\/\/laultimapalabra.com.mx\/portal\/wp-content\/uploads\/2026\/04\/11d38785-6779-4857-bc29-68e06663a5bf-683x1024.jpeg 683w, https:\/\/laultimapalabra.com.mx\/portal\/wp-content\/uploads\/2026\/04\/11d38785-6779-4857-bc29-68e06663a5bf-768x1152.jpeg 768w, https:\/\/laultimapalabra.com.mx\/portal\/wp-content\/uploads\/2026\/04\/11d38785-6779-4857-bc29-68e06663a5bf-1024x1536.jpeg 1024w, https:\/\/laultimapalabra.com.mx\/portal\/wp-content\/uploads\/2026\/04\/11d38785-6779-4857-bc29-68e06663a5bf.jpeg 1066w\" sizes=\"auto, (max-width: 200px) 100vw, 200px\" \/><img loading=\"lazy\" decoding=\"async\" class=\"alignnone size-medium wp-image-115392\" src=\"https:\/\/laultimapalabra.com.mx\/portal\/wp-content\/uploads\/2026\/04\/34c031a5-fcee-40d9-9c07-df23592fb13c-200x300.jpeg\" alt=\"\" width=\"200\" height=\"300\" srcset=\"https:\/\/laultimapalabra.com.mx\/portal\/wp-content\/uploads\/2026\/04\/34c031a5-fcee-40d9-9c07-df23592fb13c-200x300.jpeg 200w, https:\/\/laultimapalabra.com.mx\/portal\/wp-content\/uploads\/2026\/04\/34c031a5-fcee-40d9-9c07-df23592fb13c-683x1024.jpeg 683w, https:\/\/laultimapalabra.com.mx\/portal\/wp-content\/uploads\/2026\/04\/34c031a5-fcee-40d9-9c07-df23592fb13c-768x1152.jpeg 768w, https:\/\/laultimapalabra.com.mx\/portal\/wp-content\/uploads\/2026\/04\/34c031a5-fcee-40d9-9c07-df23592fb13c-1024x1536.jpeg 1024w, https:\/\/laultimapalabra.com.mx\/portal\/wp-content\/uploads\/2026\/04\/34c031a5-fcee-40d9-9c07-df23592fb13c.jpeg 1066w\" sizes=\"auto, (max-width: 200px) 100vw, 200px\" \/><\/p>\n<p>De m\u00e1s de 1,000 postulantes, solo 40 artistas fueron elegidos para exhibir su obra, entre ellos Andrea, quien represent\u00f3 al municipio en este encuentro que reuni\u00f3 a creadores nacionales e internacionales.<\/p>\n<p>Con cuatro a\u00f1os de trayectoria, su propuesta visual aborda temas como la fortaleza de las mujeres, la identidad y la realidad de M\u00e9xico, dialogando con las ra\u00edces y experiencias contempor\u00e1neas del pa\u00eds.<\/p>\n<p>Adem\u00e1s de su labor como creadora, Andrea dirige Rodelarte, academia ubicada en el centro de Cadereyta que recibe a alumnos desde los 4 a\u00f1os y ofrece cursos intensivos de verano. Su metodolog\u00eda se basa en que el arte busca la expresi\u00f3n aut\u00e9ntica, no la perfecci\u00f3n.<\/p>\n<p>La participaci\u00f3n de Andrea en esta feria representa un avance en su carrera y proyecta el nombre de Cadereyta Jim\u00e9nez en escenarios internacionales, confirmando que desde el municipio surgen proyectos culturales con capacidad de trascender fronteras.<\/p>\n","protected":false},"excerpt":{"rendered":"<p>Cadereyta N.L. \u2014 La artista visual Andrea Rodel, originaria de Cadereyta Jim\u00e9nez, fue seleccionada como participante oficial en la Noreste Art Fair, feria internacional de arte contempor\u00e1neo realizada el 18 y 19 de abril en el Club Palestino Liban\u00e9s, en San Pedro Garza Garc\u00eda. De m\u00e1s de 1,000 postulantes, solo 40 artistas fueron elegidos para [&hellip;]<\/p>\n","protected":false},"author":14,"featured_media":115396,"comment_status":"closed","ping_status":"closed","sticky":false,"template":"","format":"standard","meta":{"footnotes":""},"categories":[17],"tags":[],"class_list":["post-115421","post","type-post","status-publish","format-standard","has-post-thumbnail","hentry","category-locales-cadereyta"],"_links":{"self":[{"href":"https:\/\/laultimapalabra.com.mx\/portal\/wp-json\/wp\/v2\/posts\/115421","targetHints":{"allow":["GET"]}}],"collection":[{"href":"https:\/\/laultimapalabra.com.mx\/portal\/wp-json\/wp\/v2\/posts"}],"about":[{"href":"https:\/\/laultimapalabra.com.mx\/portal\/wp-json\/wp\/v2\/types\/post"}],"author":[{"embeddable":true,"href":"https:\/\/laultimapalabra.com.mx\/portal\/wp-json\/wp\/v2\/users\/14"}],"replies":[{"embeddable":true,"href":"https:\/\/laultimapalabra.com.mx\/portal\/wp-json\/wp\/v2\/comments?post=115421"}],"version-history":[{"count":1,"href":"https:\/\/laultimapalabra.com.mx\/portal\/wp-json\/wp\/v2\/posts\/115421\/revisions"}],"predecessor-version":[{"id":115422,"href":"https:\/\/laultimapalabra.com.mx\/portal\/wp-json\/wp\/v2\/posts\/115421\/revisions\/115422"}],"wp:featuredmedia":[{"embeddable":true,"href":"https:\/\/laultimapalabra.com.mx\/portal\/wp-json\/wp\/v2\/media\/115396"}],"wp:attachment":[{"href":"https:\/\/laultimapalabra.com.mx\/portal\/wp-json\/wp\/v2\/media?parent=115421"}],"wp:term":[{"taxonomy":"category","embeddable":true,"href":"https:\/\/laultimapalabra.com.mx\/portal\/wp-json\/wp\/v2\/categories?post=115421"},{"taxonomy":"post_tag","embeddable":true,"href":"https:\/\/laultimapalabra.com.mx\/portal\/wp-json\/wp\/v2\/tags?post=115421"}],"curies":[{"name":"wp","href":"https:\/\/api.w.org\/{rel}","templated":true}]}}