                       {"id":115429,"date":"2026-04-26T10:30:02","date_gmt":"2026-04-26T16:30:02","guid":{"rendered":"https:\/\/laultimapalabra.com.mx\/portal\/?p=115429"},"modified":"2026-04-26T10:31:15","modified_gmt":"2026-04-26T16:31:15","slug":"captan-camaras-a-responsable-de-tres-choque-en-santa-monica","status":"publish","type":"post","link":"https:\/\/laultimapalabra.com.mx\/portal\/captan-camaras-a-responsable-de-tres-choque-en-santa-monica\/","title":{"rendered":"Captan c\u00e1maras a responsable de tres choque en Santa M\u00f3nica"},"content":{"rendered":"<p>&nbsp;<\/p>\n<p>Ju\u00e1rez, N.L.-El conductor de una camioneta doble cabina, de dos colores, se dio a la fuga despu\u00e9s de chocar varios veh\u00edculos estacionados sobre la calle San Carlos en la colonia Santa M\u00f3nica en el municipio de Ju\u00e1rez.<\/p>\n<p><img loading=\"lazy\" decoding=\"async\" class=\"alignnone size-medium wp-image-115425\" src=\"https:\/\/laultimapalabra.com.mx\/portal\/wp-content\/uploads\/2026\/04\/WhatsApp-Image-2026-04-26-at-1.04.34-AM-300x225.jpeg\" alt=\"\" width=\"300\" height=\"225\" srcset=\"https:\/\/laultimapalabra.com.mx\/portal\/wp-content\/uploads\/2026\/04\/WhatsApp-Image-2026-04-26-at-1.04.34-AM-300x225.jpeg 300w, https:\/\/laultimapalabra.com.mx\/portal\/wp-content\/uploads\/2026\/04\/WhatsApp-Image-2026-04-26-at-1.04.34-AM-1024x768.jpeg 1024w, https:\/\/laultimapalabra.com.mx\/portal\/wp-content\/uploads\/2026\/04\/WhatsApp-Image-2026-04-26-at-1.04.34-AM-768x576.jpeg 768w, https:\/\/laultimapalabra.com.mx\/portal\/wp-content\/uploads\/2026\/04\/WhatsApp-Image-2026-04-26-at-1.04.34-AM-1536x1152.jpeg 1536w, https:\/\/laultimapalabra.com.mx\/portal\/wp-content\/uploads\/2026\/04\/WhatsApp-Image-2026-04-26-at-1.04.34-AM.jpeg 1600w\" sizes=\"auto, (max-width: 300px) 100vw, 300px\" \/><br \/>\nLos hechos sucedieron alrededor de las 7:55 de la ma\u00f1ana del d\u00eda s\u00e1bado, afortunadamente el individuo fue captado por c\u00e1maras de seguridad de los vecinos y se ignora si su conducci\u00f3n err\u00e1tica de la unidad se debi\u00f3 a la ingesta de alcohol.<br \/>\nLos afectados piden el apoyo de la comunidad para poder dar con el paradero de este hombre para que responda por los da\u00f1os que caus\u00f3 a tres los veh\u00edculos.<\/p>\n","protected":false},"excerpt":{"rendered":"<p>&nbsp; Ju\u00e1rez, N.L.-El conductor de una camioneta doble cabina, de dos colores, se dio a la fuga despu\u00e9s de chocar varios veh\u00edculos estacionados sobre la calle San Carlos en la colonia Santa M\u00f3nica en el municipio de Ju\u00e1rez. Los hechos sucedieron alrededor de las 7:55 de la ma\u00f1ana del d\u00eda s\u00e1bado, afortunadamente el individuo fue [&hellip;]<\/p>\n","protected":false},"author":14,"featured_media":115426,"comment_status":"closed","ping_status":"closed","sticky":false,"template":"","format":"standard","meta":{"footnotes":""},"categories":[18],"tags":[],"class_list":["post-115429","post","type-post","status-publish","format-standard","has-post-thumbnail","hentry","category-locales-juarez"],"_links":{"self":[{"href":"https:\/\/laultimapalabra.com.mx\/portal\/wp-json\/wp\/v2\/posts\/115429","targetHints":{"allow":["GET"]}}],"collection":[{"href":"https:\/\/laultimapalabra.com.mx\/portal\/wp-json\/wp\/v2\/posts"}],"about":[{"href":"https:\/\/laultimapalabra.com.mx\/portal\/wp-json\/wp\/v2\/types\/post"}],"author":[{"embeddable":true,"href":"https:\/\/laultimapalabra.com.mx\/portal\/wp-json\/wp\/v2\/users\/14"}],"replies":[{"embeddable":true,"href":"https:\/\/laultimapalabra.com.mx\/portal\/wp-json\/wp\/v2\/comments?post=115429"}],"version-history":[{"count":1,"href":"https:\/\/laultimapalabra.com.mx\/portal\/wp-json\/wp\/v2\/posts\/115429\/revisions"}],"predecessor-version":[{"id":115430,"href":"https:\/\/laultimapalabra.com.mx\/portal\/wp-json\/wp\/v2\/posts\/115429\/revisions\/115430"}],"wp:featuredmedia":[{"embeddable":true,"href":"https:\/\/laultimapalabra.com.mx\/portal\/wp-json\/wp\/v2\/media\/115426"}],"wp:attachment":[{"href":"https:\/\/laultimapalabra.com.mx\/portal\/wp-json\/wp\/v2\/media?parent=115429"}],"wp:term":[{"taxonomy":"category","embeddable":true,"href":"https:\/\/laultimapalabra.com.mx\/portal\/wp-json\/wp\/v2\/categories?post=115429"},{"taxonomy":"post_tag","embeddable":true,"href":"https:\/\/laultimapalabra.com.mx\/portal\/wp-json\/wp\/v2\/tags?post=115429"}],"curies":[{"name":"wp","href":"https:\/\/api.w.org\/{rel}","templated":true}]}}