                       {"id":115464,"date":"2026-04-27T11:52:34","date_gmt":"2026-04-27T17:52:34","guid":{"rendered":"https:\/\/laultimapalabra.com.mx\/portal\/?p=115464"},"modified":"2026-04-27T11:52:34","modified_gmt":"2026-04-27T17:52:34","slug":"gran-festejo-del-dia-del-nino-en-cadereyta-3","status":"publish","type":"post","link":"https:\/\/laultimapalabra.com.mx\/portal\/gran-festejo-del-dia-del-nino-en-cadereyta-3\/","title":{"rendered":"\u00a1Gran festejo del D\u00eda del Ni\u00f1o en Cadereyta!"},"content":{"rendered":"<p>&nbsp;<\/p>\n<p>Cadereyta N.L. \u2014 El Gobierno Municipal que encabeza el alcalde Carlos Rodr\u00edguez \u201cEl Cuate\u201d invita a todas las familias jimenenses a celebrar en grande el D\u00eda del Ni\u00f1o con tres d\u00edas de fiesta llenos de alegr\u00eda, juegos mec\u00e1nicos, sorpresas y mucha diversi\u00f3n para los m\u00e1s peque\u00f1os.<\/p>\n<p><img loading=\"lazy\" decoding=\"async\" class=\"alignnone wp-image-115457 size-large\" src=\"https:\/\/laultimapalabra.com.mx\/portal\/wp-content\/uploads\/2026\/04\/WhatsApp-Image-2026-04-27-at-10.46.31-AM-1024x1024.jpeg\" alt=\"\" width=\"740\" height=\"740\" srcset=\"https:\/\/laultimapalabra.com.mx\/portal\/wp-content\/uploads\/2026\/04\/WhatsApp-Image-2026-04-27-at-10.46.31-AM-1024x1024.jpeg 1024w, https:\/\/laultimapalabra.com.mx\/portal\/wp-content\/uploads\/2026\/04\/WhatsApp-Image-2026-04-27-at-10.46.31-AM-300x300.jpeg 300w, https:\/\/laultimapalabra.com.mx\/portal\/wp-content\/uploads\/2026\/04\/WhatsApp-Image-2026-04-27-at-10.46.31-AM-150x150.jpeg 150w, https:\/\/laultimapalabra.com.mx\/portal\/wp-content\/uploads\/2026\/04\/WhatsApp-Image-2026-04-27-at-10.46.31-AM-768x768.jpeg 768w, https:\/\/laultimapalabra.com.mx\/portal\/wp-content\/uploads\/2026\/04\/WhatsApp-Image-2026-04-27-at-10.46.31-AM-1536x1536.jpeg 1536w, https:\/\/laultimapalabra.com.mx\/portal\/wp-content\/uploads\/2026\/04\/WhatsApp-Image-2026-04-27-at-10.46.31-AM-80x80.jpeg 80w, https:\/\/laultimapalabra.com.mx\/portal\/wp-content\/uploads\/2026\/04\/WhatsApp-Image-2026-04-27-at-10.46.31-AM.jpeg 1600w\" sizes=\"auto, (max-width: 740px) 100vw, 740px\" \/> <img loading=\"lazy\" decoding=\"async\" class=\"alignnone wp-image-115456 size-large\" src=\"https:\/\/laultimapalabra.com.mx\/portal\/wp-content\/uploads\/2026\/04\/WhatsApp-Image-2026-04-27-at-10.46.31-AM-1-1024x1024.jpeg\" alt=\"\" width=\"740\" height=\"740\" srcset=\"https:\/\/laultimapalabra.com.mx\/portal\/wp-content\/uploads\/2026\/04\/WhatsApp-Image-2026-04-27-at-10.46.31-AM-1-1024x1024.jpeg 1024w, https:\/\/laultimapalabra.com.mx\/portal\/wp-content\/uploads\/2026\/04\/WhatsApp-Image-2026-04-27-at-10.46.31-AM-1-300x300.jpeg 300w, https:\/\/laultimapalabra.com.mx\/portal\/wp-content\/uploads\/2026\/04\/WhatsApp-Image-2026-04-27-at-10.46.31-AM-1-150x150.jpeg 150w, https:\/\/laultimapalabra.com.mx\/portal\/wp-content\/uploads\/2026\/04\/WhatsApp-Image-2026-04-27-at-10.46.31-AM-1-768x768.jpeg 768w, https:\/\/laultimapalabra.com.mx\/portal\/wp-content\/uploads\/2026\/04\/WhatsApp-Image-2026-04-27-at-10.46.31-AM-1-1536x1536.jpeg 1536w, https:\/\/laultimapalabra.com.mx\/portal\/wp-content\/uploads\/2026\/04\/WhatsApp-Image-2026-04-27-at-10.46.31-AM-1-80x80.jpeg 80w, https:\/\/laultimapalabra.com.mx\/portal\/wp-content\/uploads\/2026\/04\/WhatsApp-Image-2026-04-27-at-10.46.31-AM-1.jpeg 1600w\" sizes=\"auto, (max-width: 740px) 100vw, 740px\" \/> <img loading=\"lazy\" decoding=\"async\" class=\"alignnone wp-image-115455 size-large\" src=\"https:\/\/laultimapalabra.com.mx\/portal\/wp-content\/uploads\/2026\/04\/WhatsApp-Image-2026-04-27-at-10.46.32-AM-1024x1024.jpeg\" alt=\"\" width=\"740\" height=\"740\" srcset=\"https:\/\/laultimapalabra.com.mx\/portal\/wp-content\/uploads\/2026\/04\/WhatsApp-Image-2026-04-27-at-10.46.32-AM-1024x1024.jpeg 1024w, https:\/\/laultimapalabra.com.mx\/portal\/wp-content\/uploads\/2026\/04\/WhatsApp-Image-2026-04-27-at-10.46.32-AM-300x300.jpeg 300w, https:\/\/laultimapalabra.com.mx\/portal\/wp-content\/uploads\/2026\/04\/WhatsApp-Image-2026-04-27-at-10.46.32-AM-150x150.jpeg 150w, https:\/\/laultimapalabra.com.mx\/portal\/wp-content\/uploads\/2026\/04\/WhatsApp-Image-2026-04-27-at-10.46.32-AM-768x768.jpeg 768w, https:\/\/laultimapalabra.com.mx\/portal\/wp-content\/uploads\/2026\/04\/WhatsApp-Image-2026-04-27-at-10.46.32-AM-1536x1536.jpeg 1536w, https:\/\/laultimapalabra.com.mx\/portal\/wp-content\/uploads\/2026\/04\/WhatsApp-Image-2026-04-27-at-10.46.32-AM-80x80.jpeg 80w, https:\/\/laultimapalabra.com.mx\/portal\/wp-content\/uploads\/2026\/04\/WhatsApp-Image-2026-04-27-at-10.46.32-AM.jpeg 1600w\" sizes=\"auto, (max-width: 740px) 100vw, 740px\" \/><\/p>\n<p>La celebraci\u00f3n arranca este martes 28 de abril en la Colonia Valle del Roble, contin\u00faa el mi\u00e9rcoles 29 en la Unidad Deportiva Alfonso Mart\u00ednez Dom\u00ednguez y cierra el jueves 30 en la Unidad Deportiva San Genaro. Todos los eventos inician a partir de las 5:00 p.m.<\/p>\n<p>El alcalde reiter\u00f3 la invitaci\u00f3n para que ni\u00f1as, ni\u00f1os y sus familias acudan a cualquiera de las sedes y disfruten de este gran festejo preparado especialmente para ellos.<\/p>\n","protected":false},"excerpt":{"rendered":"<p>&nbsp; Cadereyta N.L. \u2014 El Gobierno Municipal que encabeza el alcalde Carlos Rodr\u00edguez \u201cEl Cuate\u201d invita a todas las familias jimenenses a celebrar en grande el D\u00eda del Ni\u00f1o con tres d\u00edas de fiesta llenos de alegr\u00eda, juegos mec\u00e1nicos, sorpresas y mucha diversi\u00f3n para los m\u00e1s peque\u00f1os. La celebraci\u00f3n arranca este martes 28 de abril [&hellip;]<\/p>\n","protected":false},"author":14,"featured_media":115457,"comment_status":"closed","ping_status":"closed","sticky":false,"template":"","format":"standard","meta":{"footnotes":""},"categories":[17],"tags":[],"class_list":["post-115464","post","type-post","status-publish","format-standard","has-post-thumbnail","hentry","category-locales-cadereyta"],"_links":{"self":[{"href":"https:\/\/laultimapalabra.com.mx\/portal\/wp-json\/wp\/v2\/posts\/115464","targetHints":{"allow":["GET"]}}],"collection":[{"href":"https:\/\/laultimapalabra.com.mx\/portal\/wp-json\/wp\/v2\/posts"}],"about":[{"href":"https:\/\/laultimapalabra.com.mx\/portal\/wp-json\/wp\/v2\/types\/post"}],"author":[{"embeddable":true,"href":"https:\/\/laultimapalabra.com.mx\/portal\/wp-json\/wp\/v2\/users\/14"}],"replies":[{"embeddable":true,"href":"https:\/\/laultimapalabra.com.mx\/portal\/wp-json\/wp\/v2\/comments?post=115464"}],"version-history":[{"count":1,"href":"https:\/\/laultimapalabra.com.mx\/portal\/wp-json\/wp\/v2\/posts\/115464\/revisions"}],"predecessor-version":[{"id":115465,"href":"https:\/\/laultimapalabra.com.mx\/portal\/wp-json\/wp\/v2\/posts\/115464\/revisions\/115465"}],"wp:featuredmedia":[{"embeddable":true,"href":"https:\/\/laultimapalabra.com.mx\/portal\/wp-json\/wp\/v2\/media\/115457"}],"wp:attachment":[{"href":"https:\/\/laultimapalabra.com.mx\/portal\/wp-json\/wp\/v2\/media?parent=115464"}],"wp:term":[{"taxonomy":"category","embeddable":true,"href":"https:\/\/laultimapalabra.com.mx\/portal\/wp-json\/wp\/v2\/categories?post=115464"},{"taxonomy":"post_tag","embeddable":true,"href":"https:\/\/laultimapalabra.com.mx\/portal\/wp-json\/wp\/v2\/tags?post=115464"}],"curies":[{"name":"wp","href":"https:\/\/api.w.org\/{rel}","templated":true}]}}