                       {"id":115466,"date":"2026-04-27T12:40:39","date_gmt":"2026-04-27T18:40:39","guid":{"rendered":"https:\/\/laultimapalabra.com.mx\/portal\/?p=115466"},"modified":"2026-04-27T12:40:39","modified_gmt":"2026-04-27T18:40:39","slug":"aviso-vial-cierran-tramo-de-la-calle-juarez-a-partir-del-martes-28-de-abril","status":"publish","type":"post","link":"https:\/\/laultimapalabra.com.mx\/portal\/aviso-vial-cierran-tramo-de-la-calle-juarez-a-partir-del-martes-28-de-abril\/","title":{"rendered":"Aviso vial: cierran tramo de la calle Ju\u00e1rez a partir del martes 28 de abril"},"content":{"rendered":"<p>&nbsp;<\/p>\n<p>Cadereyta N.L. \u2014 El Gobierno Municipal informa a la ciudadan\u00eda que a partir del martes 28 de abril se realizar\u00e1 el cierre de vialidad en la calle Ju\u00e1rez, en el tramo comprendido entre las calles Mutualismo y 5 de Mayo, debido a trabajos de Agua y Drenaje de Monterrey.<\/p>\n<p>Se exhorta a los automovilistas a tomar precauciones, utilizar v\u00edas alternas y salir con tiempo suficiente para evitar contratiempos en sus traslados. Autoridades piden manejar con precauci\u00f3n en la zona mientras duren las obras.<\/p>\n<p>Estos trabajos se realizan en coordinaci\u00f3n con Agua y Drenaje de Monterrey para mejorar los servicios e infraestructura del municipio en beneficio de todas y todos.<\/p>\n","protected":false},"excerpt":{"rendered":"<p>&nbsp; Cadereyta N.L. \u2014 El Gobierno Municipal informa a la ciudadan\u00eda que a partir del martes 28 de abril se realizar\u00e1 el cierre de vialidad en la calle Ju\u00e1rez, en el tramo comprendido entre las calles Mutualismo y 5 de Mayo, debido a trabajos de Agua y Drenaje de Monterrey. Se exhorta a los automovilistas [&hellip;]<\/p>\n","protected":false},"author":14,"featured_media":115467,"comment_status":"closed","ping_status":"closed","sticky":false,"template":"","format":"standard","meta":{"footnotes":""},"categories":[17],"tags":[],"class_list":["post-115466","post","type-post","status-publish","format-standard","has-post-thumbnail","hentry","category-locales-cadereyta"],"_links":{"self":[{"href":"https:\/\/laultimapalabra.com.mx\/portal\/wp-json\/wp\/v2\/posts\/115466","targetHints":{"allow":["GET"]}}],"collection":[{"href":"https:\/\/laultimapalabra.com.mx\/portal\/wp-json\/wp\/v2\/posts"}],"about":[{"href":"https:\/\/laultimapalabra.com.mx\/portal\/wp-json\/wp\/v2\/types\/post"}],"author":[{"embeddable":true,"href":"https:\/\/laultimapalabra.com.mx\/portal\/wp-json\/wp\/v2\/users\/14"}],"replies":[{"embeddable":true,"href":"https:\/\/laultimapalabra.com.mx\/portal\/wp-json\/wp\/v2\/comments?post=115466"}],"version-history":[{"count":1,"href":"https:\/\/laultimapalabra.com.mx\/portal\/wp-json\/wp\/v2\/posts\/115466\/revisions"}],"predecessor-version":[{"id":115468,"href":"https:\/\/laultimapalabra.com.mx\/portal\/wp-json\/wp\/v2\/posts\/115466\/revisions\/115468"}],"wp:featuredmedia":[{"embeddable":true,"href":"https:\/\/laultimapalabra.com.mx\/portal\/wp-json\/wp\/v2\/media\/115467"}],"wp:attachment":[{"href":"https:\/\/laultimapalabra.com.mx\/portal\/wp-json\/wp\/v2\/media?parent=115466"}],"wp:term":[{"taxonomy":"category","embeddable":true,"href":"https:\/\/laultimapalabra.com.mx\/portal\/wp-json\/wp\/v2\/categories?post=115466"},{"taxonomy":"post_tag","embeddable":true,"href":"https:\/\/laultimapalabra.com.mx\/portal\/wp-json\/wp\/v2\/tags?post=115466"}],"curies":[{"name":"wp","href":"https:\/\/api.w.org\/{rel}","templated":true}]}}