                       {"id":115481,"date":"2026-04-27T13:29:21","date_gmt":"2026-04-27T19:29:21","guid":{"rendered":"https:\/\/laultimapalabra.com.mx\/portal\/?p=115481"},"modified":"2026-04-27T13:29:21","modified_gmt":"2026-04-27T19:29:21","slug":"accidente-de-crucero-en-el-centro-de-cadereyta","status":"publish","type":"post","link":"https:\/\/laultimapalabra.com.mx\/portal\/accidente-de-crucero-en-el-centro-de-cadereyta\/","title":{"rendered":"Accidente de crucero en el centro de Cadereyta"},"content":{"rendered":"<p>&nbsp;<\/p>\n<p>Cadereyta Jim\u00e9nez, N.L. \u2014 La tarde de este lunes se registr\u00f3 un accidente tipo crucero en la intersecci\u00f3n de las calles Zaragoza y Mart\u00edn de Zavala, en el centro del municipio.<\/p>\n<p>De acuerdo con los primeros reportes, un veh\u00edculo color azul marino oscuro se pas\u00f3 el alto y termin\u00f3 siendo impactado por un autom\u00f3vil color gris plata que circulaba con preferencia.<\/p>\n<p>Afortunadamente no se reportaron personas lesionadas, \u00fanicamente da\u00f1os materiales en ambas unidades.<\/p>\n<p>Elementos de Tr\u00e1nsito acudieron al lugar para deslindar responsabilidades y agilizar el flujo vehicular en la zona, ya que el percance provoc\u00f3 congestionamiento vial.<\/p>\n","protected":false},"excerpt":{"rendered":"<p>&nbsp; Cadereyta Jim\u00e9nez, N.L. \u2014 La tarde de este lunes se registr\u00f3 un accidente tipo crucero en la intersecci\u00f3n de las calles Zaragoza y Mart\u00edn de Zavala, en el centro del municipio. De acuerdo con los primeros reportes, un veh\u00edculo color azul marino oscuro se pas\u00f3 el alto y termin\u00f3 siendo impactado por un autom\u00f3vil [&hellip;]<\/p>\n","protected":false},"author":14,"featured_media":115474,"comment_status":"closed","ping_status":"closed","sticky":false,"template":"","format":"standard","meta":{"footnotes":""},"categories":[6805],"tags":[],"class_list":["post-115481","post","type-post","status-publish","format-standard","has-post-thumbnail","hentry","category-accidentes"],"_links":{"self":[{"href":"https:\/\/laultimapalabra.com.mx\/portal\/wp-json\/wp\/v2\/posts\/115481","targetHints":{"allow":["GET"]}}],"collection":[{"href":"https:\/\/laultimapalabra.com.mx\/portal\/wp-json\/wp\/v2\/posts"}],"about":[{"href":"https:\/\/laultimapalabra.com.mx\/portal\/wp-json\/wp\/v2\/types\/post"}],"author":[{"embeddable":true,"href":"https:\/\/laultimapalabra.com.mx\/portal\/wp-json\/wp\/v2\/users\/14"}],"replies":[{"embeddable":true,"href":"https:\/\/laultimapalabra.com.mx\/portal\/wp-json\/wp\/v2\/comments?post=115481"}],"version-history":[{"count":1,"href":"https:\/\/laultimapalabra.com.mx\/portal\/wp-json\/wp\/v2\/posts\/115481\/revisions"}],"predecessor-version":[{"id":115482,"href":"https:\/\/laultimapalabra.com.mx\/portal\/wp-json\/wp\/v2\/posts\/115481\/revisions\/115482"}],"wp:featuredmedia":[{"embeddable":true,"href":"https:\/\/laultimapalabra.com.mx\/portal\/wp-json\/wp\/v2\/media\/115474"}],"wp:attachment":[{"href":"https:\/\/laultimapalabra.com.mx\/portal\/wp-json\/wp\/v2\/media?parent=115481"}],"wp:term":[{"taxonomy":"category","embeddable":true,"href":"https:\/\/laultimapalabra.com.mx\/portal\/wp-json\/wp\/v2\/categories?post=115481"},{"taxonomy":"post_tag","embeddable":true,"href":"https:\/\/laultimapalabra.com.mx\/portal\/wp-json\/wp\/v2\/tags?post=115481"}],"curies":[{"name":"wp","href":"https:\/\/api.w.org\/{rel}","templated":true}]}}