                       {"id":115500,"date":"2026-04-27T15:35:11","date_gmt":"2026-04-27T21:35:11","guid":{"rendered":"https:\/\/laultimapalabra.com.mx\/portal\/?p=115500"},"modified":"2026-04-27T15:35:11","modified_gmt":"2026-04-27T21:35:11","slug":"camion-urbano-atropella-a-mama-y-sus-dos-hijos-en-el-sur-de-monterrey","status":"publish","type":"post","link":"https:\/\/laultimapalabra.com.mx\/portal\/camion-urbano-atropella-a-mama-y-sus-dos-hijos-en-el-sur-de-monterrey\/","title":{"rendered":"Cami\u00f3n urbano atropella a mam\u00e1 y sus dos hijos en el sur de Monterrey"},"content":{"rendered":"<p>Una mujer y sus dos hijos resultaron lesionados luego de ser atropellados por un cami\u00f3n de la ruta Canteras, en un accidente registrado en la colonia Jard\u00edn de las Torres, al sur de Monterrey.<br \/>\nEl hecho ocurri\u00f3 la ma\u00f1ana de este lunes 27 de abril en el cruce de las calles Alfombrillas y Caracol, hasta donde se movilizaron cuerpos de emergencia para brindar atenci\u00f3n a los afectados.<br \/>\nFUENTE: TELEDIARIO<\/p>\n","protected":false},"excerpt":{"rendered":"<p>Una mujer y sus dos hijos resultaron lesionados luego de ser atropellados por un cami\u00f3n de la ruta Canteras, en un accidente registrado en la colonia Jard\u00edn de las Torres, al sur de Monterrey. El hecho ocurri\u00f3 la ma\u00f1ana de este lunes 27 de abril en el cruce de las calles Alfombrillas y Caracol, hasta [&hellip;]<\/p>\n","protected":false},"author":14,"featured_media":115493,"comment_status":"closed","ping_status":"closed","sticky":false,"template":"","format":"standard","meta":{"footnotes":""},"categories":[15],"tags":[],"class_list":["post-115500","post","type-post","status-publish","format-standard","has-post-thumbnail","hentry","category-estado"],"_links":{"self":[{"href":"https:\/\/laultimapalabra.com.mx\/portal\/wp-json\/wp\/v2\/posts\/115500","targetHints":{"allow":["GET"]}}],"collection":[{"href":"https:\/\/laultimapalabra.com.mx\/portal\/wp-json\/wp\/v2\/posts"}],"about":[{"href":"https:\/\/laultimapalabra.com.mx\/portal\/wp-json\/wp\/v2\/types\/post"}],"author":[{"embeddable":true,"href":"https:\/\/laultimapalabra.com.mx\/portal\/wp-json\/wp\/v2\/users\/14"}],"replies":[{"embeddable":true,"href":"https:\/\/laultimapalabra.com.mx\/portal\/wp-json\/wp\/v2\/comments?post=115500"}],"version-history":[{"count":1,"href":"https:\/\/laultimapalabra.com.mx\/portal\/wp-json\/wp\/v2\/posts\/115500\/revisions"}],"predecessor-version":[{"id":115501,"href":"https:\/\/laultimapalabra.com.mx\/portal\/wp-json\/wp\/v2\/posts\/115500\/revisions\/115501"}],"wp:featuredmedia":[{"embeddable":true,"href":"https:\/\/laultimapalabra.com.mx\/portal\/wp-json\/wp\/v2\/media\/115493"}],"wp:attachment":[{"href":"https:\/\/laultimapalabra.com.mx\/portal\/wp-json\/wp\/v2\/media?parent=115500"}],"wp:term":[{"taxonomy":"category","embeddable":true,"href":"https:\/\/laultimapalabra.com.mx\/portal\/wp-json\/wp\/v2\/categories?post=115500"},{"taxonomy":"post_tag","embeddable":true,"href":"https:\/\/laultimapalabra.com.mx\/portal\/wp-json\/wp\/v2\/tags?post=115500"}],"curies":[{"name":"wp","href":"https:\/\/api.w.org\/{rel}","templated":true}]}}