                       {"id":115521,"date":"2026-04-28T14:09:25","date_gmt":"2026-04-28T20:09:25","guid":{"rendered":"https:\/\/laultimapalabra.com.mx\/portal\/?p=115521"},"modified":"2026-04-28T14:09:25","modified_gmt":"2026-04-28T20:09:25","slug":"entregan-playeras-oficiales-a-agentes-de-transito-en-cadereyta","status":"publish","type":"post","link":"https:\/\/laultimapalabra.com.mx\/portal\/entregan-playeras-oficiales-a-agentes-de-transito-en-cadereyta\/","title":{"rendered":"Entregan playeras oficiales a agentes de Tr\u00e1nsito en Cadereyta"},"content":{"rendered":"<p>&nbsp;<\/p>\n<p>Cadereyta, N.L. \u2014 Este martes, alrededor de las 12:00 del mediod\u00eda, se llev\u00f3 a cabo la entrega de playeras oficiales a elementos de Tr\u00e1nsito en el tercer piso del Palacio Municipal de Cadereyta.<\/p>\n<p>La entrega fue realizada por el director de Tr\u00e1nsito, Carlos Silva, y el director de Administraci\u00f3n, Jorge Ruiz. En total se entregaron alrededor de 50 playeras tipo polo.<\/p>\n<p><img loading=\"lazy\" decoding=\"async\" class=\"alignnone size-medium wp-image-115517\" src=\"https:\/\/laultimapalabra.com.mx\/portal\/wp-content\/uploads\/2026\/04\/WhatsApp-Image-2026-04-28-at-11.36.40-AM-300x225.jpeg\" alt=\"\" width=\"300\" height=\"225\" srcset=\"https:\/\/laultimapalabra.com.mx\/portal\/wp-content\/uploads\/2026\/04\/WhatsApp-Image-2026-04-28-at-11.36.40-AM-300x225.jpeg 300w, https:\/\/laultimapalabra.com.mx\/portal\/wp-content\/uploads\/2026\/04\/WhatsApp-Image-2026-04-28-at-11.36.40-AM-1024x768.jpeg 1024w, https:\/\/laultimapalabra.com.mx\/portal\/wp-content\/uploads\/2026\/04\/WhatsApp-Image-2026-04-28-at-11.36.40-AM-768x576.jpeg 768w, https:\/\/laultimapalabra.com.mx\/portal\/wp-content\/uploads\/2026\/04\/WhatsApp-Image-2026-04-28-at-11.36.40-AM-1536x1152.jpeg 1536w, https:\/\/laultimapalabra.com.mx\/portal\/wp-content\/uploads\/2026\/04\/WhatsApp-Image-2026-04-28-at-11.36.40-AM.jpeg 1600w\" sizes=\"auto, (max-width: 300px) 100vw, 300px\" \/> <img loading=\"lazy\" decoding=\"async\" class=\"alignnone size-medium wp-image-115516\" src=\"https:\/\/laultimapalabra.com.mx\/portal\/wp-content\/uploads\/2026\/04\/WhatsApp-Image-2026-04-28-at-11.36.41-AM-300x225.jpeg\" alt=\"\" width=\"300\" height=\"225\" srcset=\"https:\/\/laultimapalabra.com.mx\/portal\/wp-content\/uploads\/2026\/04\/WhatsApp-Image-2026-04-28-at-11.36.41-AM-300x225.jpeg 300w, https:\/\/laultimapalabra.com.mx\/portal\/wp-content\/uploads\/2026\/04\/WhatsApp-Image-2026-04-28-at-11.36.41-AM-1024x768.jpeg 1024w, https:\/\/laultimapalabra.com.mx\/portal\/wp-content\/uploads\/2026\/04\/WhatsApp-Image-2026-04-28-at-11.36.41-AM-768x576.jpeg 768w, https:\/\/laultimapalabra.com.mx\/portal\/wp-content\/uploads\/2026\/04\/WhatsApp-Image-2026-04-28-at-11.36.41-AM-1536x1152.jpeg 1536w, https:\/\/laultimapalabra.com.mx\/portal\/wp-content\/uploads\/2026\/04\/WhatsApp-Image-2026-04-28-at-11.36.41-AM.jpeg 1600w\" sizes=\"auto, (max-width: 300px) 100vw, 300px\" \/> <img loading=\"lazy\" decoding=\"async\" class=\"alignnone size-medium wp-image-115515\" src=\"https:\/\/laultimapalabra.com.mx\/portal\/wp-content\/uploads\/2026\/04\/WhatsApp-Image-2026-04-28-at-11.36.43-AM-300x225.jpeg\" alt=\"\" width=\"300\" height=\"225\" srcset=\"https:\/\/laultimapalabra.com.mx\/portal\/wp-content\/uploads\/2026\/04\/WhatsApp-Image-2026-04-28-at-11.36.43-AM-300x225.jpeg 300w, https:\/\/laultimapalabra.com.mx\/portal\/wp-content\/uploads\/2026\/04\/WhatsApp-Image-2026-04-28-at-11.36.43-AM-1024x768.jpeg 1024w, https:\/\/laultimapalabra.com.mx\/portal\/wp-content\/uploads\/2026\/04\/WhatsApp-Image-2026-04-28-at-11.36.43-AM-768x576.jpeg 768w, https:\/\/laultimapalabra.com.mx\/portal\/wp-content\/uploads\/2026\/04\/WhatsApp-Image-2026-04-28-at-11.36.43-AM-1536x1152.jpeg 1536w, https:\/\/laultimapalabra.com.mx\/portal\/wp-content\/uploads\/2026\/04\/WhatsApp-Image-2026-04-28-at-11.36.43-AM.jpeg 1600w\" sizes=\"auto, (max-width: 300px) 100vw, 300px\" \/> <img loading=\"lazy\" decoding=\"async\" class=\"alignnone size-medium wp-image-115514\" src=\"https:\/\/laultimapalabra.com.mx\/portal\/wp-content\/uploads\/2026\/04\/WhatsApp-Image-2026-04-28-at-11.36.44-AM-300x225.jpeg\" alt=\"\" width=\"300\" height=\"225\" srcset=\"https:\/\/laultimapalabra.com.mx\/portal\/wp-content\/uploads\/2026\/04\/WhatsApp-Image-2026-04-28-at-11.36.44-AM-300x225.jpeg 300w, https:\/\/laultimapalabra.com.mx\/portal\/wp-content\/uploads\/2026\/04\/WhatsApp-Image-2026-04-28-at-11.36.44-AM-1024x768.jpeg 1024w, https:\/\/laultimapalabra.com.mx\/portal\/wp-content\/uploads\/2026\/04\/WhatsApp-Image-2026-04-28-at-11.36.44-AM-768x576.jpeg 768w, https:\/\/laultimapalabra.com.mx\/portal\/wp-content\/uploads\/2026\/04\/WhatsApp-Image-2026-04-28-at-11.36.44-AM-1536x1152.jpeg 1536w, https:\/\/laultimapalabra.com.mx\/portal\/wp-content\/uploads\/2026\/04\/WhatsApp-Image-2026-04-28-at-11.36.44-AM.jpeg 1600w\" sizes=\"auto, (max-width: 300px) 100vw, 300px\" \/> <img loading=\"lazy\" decoding=\"async\" class=\"alignnone size-medium wp-image-115513\" src=\"https:\/\/laultimapalabra.com.mx\/portal\/wp-content\/uploads\/2026\/04\/WhatsApp-Image-2026-04-28-at-11.36.46-AM-300x225.jpeg\" alt=\"\" width=\"300\" height=\"225\" srcset=\"https:\/\/laultimapalabra.com.mx\/portal\/wp-content\/uploads\/2026\/04\/WhatsApp-Image-2026-04-28-at-11.36.46-AM-300x225.jpeg 300w, https:\/\/laultimapalabra.com.mx\/portal\/wp-content\/uploads\/2026\/04\/WhatsApp-Image-2026-04-28-at-11.36.46-AM-1024x768.jpeg 1024w, https:\/\/laultimapalabra.com.mx\/portal\/wp-content\/uploads\/2026\/04\/WhatsApp-Image-2026-04-28-at-11.36.46-AM-768x576.jpeg 768w, https:\/\/laultimapalabra.com.mx\/portal\/wp-content\/uploads\/2026\/04\/WhatsApp-Image-2026-04-28-at-11.36.46-AM-1536x1152.jpeg 1536w, https:\/\/laultimapalabra.com.mx\/portal\/wp-content\/uploads\/2026\/04\/WhatsApp-Image-2026-04-28-at-11.36.46-AM.jpeg 1600w\" sizes=\"auto, (max-width: 300px) 100vw, 300px\" \/><\/p>\n<p>Esta es la segunda parte de la entrega de uniformes para oficiales de Tr\u00e1nsito. Las nuevas playeras buscan brindar mayor comodidad al personal ante la temporada de calor que se registra en el municipio.<\/p>\n<p>Autoridades municipales destacaron que con estas acciones se contin\u00faa fortaleciendo el equipamiento del personal operativo.<\/p>\n","protected":false},"excerpt":{"rendered":"<p>&nbsp; Cadereyta, N.L. \u2014 Este martes, alrededor de las 12:00 del mediod\u00eda, se llev\u00f3 a cabo la entrega de playeras oficiales a elementos de Tr\u00e1nsito en el tercer piso del Palacio Municipal de Cadereyta. La entrega fue realizada por el director de Tr\u00e1nsito, Carlos Silva, y el director de Administraci\u00f3n, Jorge Ruiz. En total se [&hellip;]<\/p>\n","protected":false},"author":14,"featured_media":115517,"comment_status":"closed","ping_status":"closed","sticky":false,"template":"","format":"standard","meta":{"footnotes":""},"categories":[17],"tags":[],"class_list":["post-115521","post","type-post","status-publish","format-standard","has-post-thumbnail","hentry","category-locales-cadereyta"],"_links":{"self":[{"href":"https:\/\/laultimapalabra.com.mx\/portal\/wp-json\/wp\/v2\/posts\/115521","targetHints":{"allow":["GET"]}}],"collection":[{"href":"https:\/\/laultimapalabra.com.mx\/portal\/wp-json\/wp\/v2\/posts"}],"about":[{"href":"https:\/\/laultimapalabra.com.mx\/portal\/wp-json\/wp\/v2\/types\/post"}],"author":[{"embeddable":true,"href":"https:\/\/laultimapalabra.com.mx\/portal\/wp-json\/wp\/v2\/users\/14"}],"replies":[{"embeddable":true,"href":"https:\/\/laultimapalabra.com.mx\/portal\/wp-json\/wp\/v2\/comments?post=115521"}],"version-history":[{"count":1,"href":"https:\/\/laultimapalabra.com.mx\/portal\/wp-json\/wp\/v2\/posts\/115521\/revisions"}],"predecessor-version":[{"id":115522,"href":"https:\/\/laultimapalabra.com.mx\/portal\/wp-json\/wp\/v2\/posts\/115521\/revisions\/115522"}],"wp:featuredmedia":[{"embeddable":true,"href":"https:\/\/laultimapalabra.com.mx\/portal\/wp-json\/wp\/v2\/media\/115517"}],"wp:attachment":[{"href":"https:\/\/laultimapalabra.com.mx\/portal\/wp-json\/wp\/v2\/media?parent=115521"}],"wp:term":[{"taxonomy":"category","embeddable":true,"href":"https:\/\/laultimapalabra.com.mx\/portal\/wp-json\/wp\/v2\/categories?post=115521"},{"taxonomy":"post_tag","embeddable":true,"href":"https:\/\/laultimapalabra.com.mx\/portal\/wp-json\/wp\/v2\/tags?post=115521"}],"curies":[{"name":"wp","href":"https:\/\/api.w.org\/{rel}","templated":true}]}}