                       {"id":115534,"date":"2026-04-28T15:36:54","date_gmt":"2026-04-28T21:36:54","guid":{"rendered":"https:\/\/laultimapalabra.com.mx\/portal\/?p=115534"},"modified":"2026-04-28T15:36:54","modified_gmt":"2026-04-28T21:36:54","slug":"asesinan-a-menor-tras-conflicto-entre-vecinos-en-ciudad-juarez","status":"publish","type":"post","link":"https:\/\/laultimapalabra.com.mx\/portal\/asesinan-a-menor-tras-conflicto-entre-vecinos-en-ciudad-juarez\/","title":{"rendered":"Asesinan a Menor Tras Conflicto Entre Vecinos en Ciudad Ju\u00e1rez"},"content":{"rendered":"<p>La noche del lunes 27 de abril, un menor de edad fue asesinado a balazos tras un conflicto entre vecinos en Ciudad Ju\u00e1rez. De acuerdo con las primeras versiones de las autoridades, la v\u00edctima conviv\u00eda con su familia en el patio de su vivienda cuando tres vecinas acudieron al lugar y comenzaron a discutir por el ruido; posteriormente, amenazaron a la familia y da\u00f1aron una motocicleta antes de retirarse. Tiempo despu\u00e9s, mientras el joven revisaba y reparaba la motocicleta, arribaron cuatro sujetos armados a bordo de un veh\u00edculo gris, quienes le dispararon en repetidas ocasiones, provoc\u00e1ndole la muerte.<br \/>\nFUENTE: N+<\/p>\n","protected":false},"excerpt":{"rendered":"<p>La noche del lunes 27 de abril, un menor de edad fue asesinado a balazos tras un conflicto entre vecinos en Ciudad Ju\u00e1rez. De acuerdo con las primeras versiones de las autoridades, la v\u00edctima conviv\u00eda con su familia en el patio de su vivienda cuando tres vecinas acudieron al lugar y comenzaron a discutir por [&hellip;]<\/p>\n","protected":false},"author":14,"featured_media":115531,"comment_status":"closed","ping_status":"closed","sticky":false,"template":"","format":"standard","meta":{"footnotes":""},"categories":[19],"tags":[],"class_list":["post-115534","post","type-post","status-publish","format-standard","has-post-thumbnail","hentry","category-nacional"],"_links":{"self":[{"href":"https:\/\/laultimapalabra.com.mx\/portal\/wp-json\/wp\/v2\/posts\/115534","targetHints":{"allow":["GET"]}}],"collection":[{"href":"https:\/\/laultimapalabra.com.mx\/portal\/wp-json\/wp\/v2\/posts"}],"about":[{"href":"https:\/\/laultimapalabra.com.mx\/portal\/wp-json\/wp\/v2\/types\/post"}],"author":[{"embeddable":true,"href":"https:\/\/laultimapalabra.com.mx\/portal\/wp-json\/wp\/v2\/users\/14"}],"replies":[{"embeddable":true,"href":"https:\/\/laultimapalabra.com.mx\/portal\/wp-json\/wp\/v2\/comments?post=115534"}],"version-history":[{"count":1,"href":"https:\/\/laultimapalabra.com.mx\/portal\/wp-json\/wp\/v2\/posts\/115534\/revisions"}],"predecessor-version":[{"id":115535,"href":"https:\/\/laultimapalabra.com.mx\/portal\/wp-json\/wp\/v2\/posts\/115534\/revisions\/115535"}],"wp:featuredmedia":[{"embeddable":true,"href":"https:\/\/laultimapalabra.com.mx\/portal\/wp-json\/wp\/v2\/media\/115531"}],"wp:attachment":[{"href":"https:\/\/laultimapalabra.com.mx\/portal\/wp-json\/wp\/v2\/media?parent=115534"}],"wp:term":[{"taxonomy":"category","embeddable":true,"href":"https:\/\/laultimapalabra.com.mx\/portal\/wp-json\/wp\/v2\/categories?post=115534"},{"taxonomy":"post_tag","embeddable":true,"href":"https:\/\/laultimapalabra.com.mx\/portal\/wp-json\/wp\/v2\/tags?post=115534"}],"curies":[{"name":"wp","href":"https:\/\/api.w.org\/{rel}","templated":true}]}}