                       {"id":115536,"date":"2026-04-28T15:37:16","date_gmt":"2026-04-28T21:37:16","guid":{"rendered":"https:\/\/laultimapalabra.com.mx\/portal\/?p=115536"},"modified":"2026-04-28T15:37:16","modified_gmt":"2026-04-28T21:37:16","slug":"enjambre-de-abejas-ataca-a-11-personas-durante-sepelio-en-galeana","status":"publish","type":"post","link":"https:\/\/laultimapalabra.com.mx\/portal\/enjambre-de-abejas-ataca-a-11-personas-durante-sepelio-en-galeana\/","title":{"rendered":"Enjambre de Abejas Ataca a 11 Personas Durante Sepelio en Galeana"},"content":{"rendered":"<p>Un hombre inconsciente y al menos 10 personas lesionadas fue el saldo de un ataque de abejas registrado la tarde del lunes 27 de abril durante un sepelio en el municipio de Galeana. Este ataque ocurri\u00f3 mientras se realizaba el \u00faltimo adi\u00f3s de un difunto. En ese momento los asistentes se vieron sorprendidos por un enjambre de abejas que comenz\u00f3 a atacarlos. En un intento de ponerse a salvo, varias personas comenzaron a correr generando que terminaran cayendo y golpe\u00e1ndose con varios objetos.<br \/>\nFUENTE: N+<\/p>\n","protected":false},"excerpt":{"rendered":"<p>Un hombre inconsciente y al menos 10 personas lesionadas fue el saldo de un ataque de abejas registrado la tarde del lunes 27 de abril durante un sepelio en el municipio de Galeana. Este ataque ocurri\u00f3 mientras se realizaba el \u00faltimo adi\u00f3s de un difunto. En ese momento los asistentes se vieron sorprendidos por un [&hellip;]<\/p>\n","protected":false},"author":14,"featured_media":115532,"comment_status":"closed","ping_status":"closed","sticky":false,"template":"","format":"standard","meta":{"footnotes":""},"categories":[15],"tags":[],"class_list":["post-115536","post","type-post","status-publish","format-standard","has-post-thumbnail","hentry","category-estado"],"_links":{"self":[{"href":"https:\/\/laultimapalabra.com.mx\/portal\/wp-json\/wp\/v2\/posts\/115536","targetHints":{"allow":["GET"]}}],"collection":[{"href":"https:\/\/laultimapalabra.com.mx\/portal\/wp-json\/wp\/v2\/posts"}],"about":[{"href":"https:\/\/laultimapalabra.com.mx\/portal\/wp-json\/wp\/v2\/types\/post"}],"author":[{"embeddable":true,"href":"https:\/\/laultimapalabra.com.mx\/portal\/wp-json\/wp\/v2\/users\/14"}],"replies":[{"embeddable":true,"href":"https:\/\/laultimapalabra.com.mx\/portal\/wp-json\/wp\/v2\/comments?post=115536"}],"version-history":[{"count":1,"href":"https:\/\/laultimapalabra.com.mx\/portal\/wp-json\/wp\/v2\/posts\/115536\/revisions"}],"predecessor-version":[{"id":115537,"href":"https:\/\/laultimapalabra.com.mx\/portal\/wp-json\/wp\/v2\/posts\/115536\/revisions\/115537"}],"wp:featuredmedia":[{"embeddable":true,"href":"https:\/\/laultimapalabra.com.mx\/portal\/wp-json\/wp\/v2\/media\/115532"}],"wp:attachment":[{"href":"https:\/\/laultimapalabra.com.mx\/portal\/wp-json\/wp\/v2\/media?parent=115536"}],"wp:term":[{"taxonomy":"category","embeddable":true,"href":"https:\/\/laultimapalabra.com.mx\/portal\/wp-json\/wp\/v2\/categories?post=115536"},{"taxonomy":"post_tag","embeddable":true,"href":"https:\/\/laultimapalabra.com.mx\/portal\/wp-json\/wp\/v2\/tags?post=115536"}],"curies":[{"name":"wp","href":"https:\/\/api.w.org\/{rel}","templated":true}]}}