                       {"id":115538,"date":"2026-04-28T16:45:22","date_gmt":"2026-04-28T22:45:22","guid":{"rendered":"https:\/\/laultimapalabra.com.mx\/portal\/?p=115538"},"modified":"2026-04-28T16:45:22","modified_gmt":"2026-04-28T22:45:22","slug":"se-incendia-vehiculo-en-comunidad-de-atongo","status":"publish","type":"post","link":"https:\/\/laultimapalabra.com.mx\/portal\/se-incendia-vehiculo-en-comunidad-de-atongo\/","title":{"rendered":"Se incendia veh\u00edculo en comunidad de Atongo"},"content":{"rendered":"<p>&nbsp;<\/p>\n<p>Cadereyta, N.L. \u2014 Este martes por la tarde se registr\u00f3 el incendio de un veh\u00edculo en la comunidad de Atongo.<\/p>\n<p>Elementos de Tr\u00e1nsito y Bomberos acudieron al lugar para resguardar la zona, atender la situaci\u00f3n y sofocar el incendio.<\/p>\n<p><img loading=\"lazy\" decoding=\"async\" class=\"alignnone size-medium wp-image-115540\" src=\"https:\/\/laultimapalabra.com.mx\/portal\/wp-content\/uploads\/2026\/04\/WhatsApp-Image-2026-04-28-at-4.10.13-PM-300x169.jpeg\" alt=\"\" width=\"300\" height=\"169\" srcset=\"https:\/\/laultimapalabra.com.mx\/portal\/wp-content\/uploads\/2026\/04\/WhatsApp-Image-2026-04-28-at-4.10.13-PM-300x169.jpeg 300w, https:\/\/laultimapalabra.com.mx\/portal\/wp-content\/uploads\/2026\/04\/WhatsApp-Image-2026-04-28-at-4.10.13-PM-1024x576.jpeg 1024w, https:\/\/laultimapalabra.com.mx\/portal\/wp-content\/uploads\/2026\/04\/WhatsApp-Image-2026-04-28-at-4.10.13-PM-768x432.jpeg 768w, https:\/\/laultimapalabra.com.mx\/portal\/wp-content\/uploads\/2026\/04\/WhatsApp-Image-2026-04-28-at-4.10.13-PM.jpeg 1280w\" sizes=\"auto, (max-width: 300px) 100vw, 300px\" \/><\/p>\n<p>Afortunadamente no se reportaron personas lesionadas.<\/p>\n<p>Las autoridades exhortan a la ciudadan\u00eda a revisar sus veh\u00edculos peri\u00f3dicamente para prevenir este tipo de incidentes, ya que se han suscitado varios de este tipo en el municipio.<\/p>\n","protected":false},"excerpt":{"rendered":"<p>&nbsp; Cadereyta, N.L. \u2014 Este martes por la tarde se registr\u00f3 el incendio de un veh\u00edculo en la comunidad de Atongo. Elementos de Tr\u00e1nsito y Bomberos acudieron al lugar para resguardar la zona, atender la situaci\u00f3n y sofocar el incendio. Afortunadamente no se reportaron personas lesionadas. Las autoridades exhortan a la ciudadan\u00eda a revisar sus [&hellip;]<\/p>\n","protected":false},"author":14,"featured_media":115539,"comment_status":"closed","ping_status":"closed","sticky":false,"template":"","format":"standard","meta":{"footnotes":""},"categories":[6805],"tags":[],"class_list":["post-115538","post","type-post","status-publish","format-standard","has-post-thumbnail","hentry","category-accidentes"],"_links":{"self":[{"href":"https:\/\/laultimapalabra.com.mx\/portal\/wp-json\/wp\/v2\/posts\/115538","targetHints":{"allow":["GET"]}}],"collection":[{"href":"https:\/\/laultimapalabra.com.mx\/portal\/wp-json\/wp\/v2\/posts"}],"about":[{"href":"https:\/\/laultimapalabra.com.mx\/portal\/wp-json\/wp\/v2\/types\/post"}],"author":[{"embeddable":true,"href":"https:\/\/laultimapalabra.com.mx\/portal\/wp-json\/wp\/v2\/users\/14"}],"replies":[{"embeddable":true,"href":"https:\/\/laultimapalabra.com.mx\/portal\/wp-json\/wp\/v2\/comments?post=115538"}],"version-history":[{"count":1,"href":"https:\/\/laultimapalabra.com.mx\/portal\/wp-json\/wp\/v2\/posts\/115538\/revisions"}],"predecessor-version":[{"id":115541,"href":"https:\/\/laultimapalabra.com.mx\/portal\/wp-json\/wp\/v2\/posts\/115538\/revisions\/115541"}],"wp:featuredmedia":[{"embeddable":true,"href":"https:\/\/laultimapalabra.com.mx\/portal\/wp-json\/wp\/v2\/media\/115539"}],"wp:attachment":[{"href":"https:\/\/laultimapalabra.com.mx\/portal\/wp-json\/wp\/v2\/media?parent=115538"}],"wp:term":[{"taxonomy":"category","embeddable":true,"href":"https:\/\/laultimapalabra.com.mx\/portal\/wp-json\/wp\/v2\/categories?post=115538"},{"taxonomy":"post_tag","embeddable":true,"href":"https:\/\/laultimapalabra.com.mx\/portal\/wp-json\/wp\/v2\/tags?post=115538"}],"curies":[{"name":"wp","href":"https:\/\/api.w.org\/{rel}","templated":true}]}}