                       {"id":115557,"date":"2026-04-29T14:25:01","date_gmt":"2026-04-29T20:25:01","guid":{"rendered":"https:\/\/laultimapalabra.com.mx\/portal\/?p=115557"},"modified":"2026-04-29T14:25:01","modified_gmt":"2026-04-29T20:25:01","slug":"la-pasion-del-beisbol-sigue-creciendo-en-cadereyta-jimenez","status":"publish","type":"post","link":"https:\/\/laultimapalabra.com.mx\/portal\/la-pasion-del-beisbol-sigue-creciendo-en-cadereyta-jimenez\/","title":{"rendered":"La pasi\u00f3n del b\u00e9isbol sigue creciendo en Cadereyta Jim\u00e9nez"},"content":{"rendered":"<p>&nbsp;<\/p>\n<p>Cadereyta, N.L. \u2014 Este fin de semana arranca la Jornada n\u00famero 7 de la Liga Municipal de B\u00e9isbol Ejidal, categor\u00eda Ejidal \u2013 Segunda Fuerza, con 4 emocionantes encuentros que dan inicio a la jornada a partir de las 11:00 AM de este domingo 3 de mayo.<\/p>\n<p><img loading=\"lazy\" decoding=\"async\" class=\"alignnone size-medium wp-image-115566\" src=\"https:\/\/laultimapalabra.com.mx\/portal\/wp-content\/uploads\/2026\/04\/WhatsApp-Image-2026-04-29-at-11.47.00-AM-240x300.jpeg\" alt=\"\" width=\"240\" height=\"300\" srcset=\"https:\/\/laultimapalabra.com.mx\/portal\/wp-content\/uploads\/2026\/04\/WhatsApp-Image-2026-04-29-at-11.47.00-AM-240x300.jpeg 240w, https:\/\/laultimapalabra.com.mx\/portal\/wp-content\/uploads\/2026\/04\/WhatsApp-Image-2026-04-29-at-11.47.00-AM-819x1024.jpeg 819w, https:\/\/laultimapalabra.com.mx\/portal\/wp-content\/uploads\/2026\/04\/WhatsApp-Image-2026-04-29-at-11.47.00-AM-768x960.jpeg 768w, https:\/\/laultimapalabra.com.mx\/portal\/wp-content\/uploads\/2026\/04\/WhatsApp-Image-2026-04-29-at-11.47.00-AM.jpeg 1080w\" sizes=\"auto, (max-width: 240px) 100vw, 240px\" \/> <img loading=\"lazy\" decoding=\"async\" class=\"alignnone size-medium wp-image-115565\" src=\"https:\/\/laultimapalabra.com.mx\/portal\/wp-content\/uploads\/2026\/04\/WhatsApp-Image-2026-04-29-at-11.47.00-AM-1-240x300.jpeg\" alt=\"\" width=\"240\" height=\"300\" srcset=\"https:\/\/laultimapalabra.com.mx\/portal\/wp-content\/uploads\/2026\/04\/WhatsApp-Image-2026-04-29-at-11.47.00-AM-1-240x300.jpeg 240w, https:\/\/laultimapalabra.com.mx\/portal\/wp-content\/uploads\/2026\/04\/WhatsApp-Image-2026-04-29-at-11.47.00-AM-1-819x1024.jpeg 819w, https:\/\/laultimapalabra.com.mx\/portal\/wp-content\/uploads\/2026\/04\/WhatsApp-Image-2026-04-29-at-11.47.00-AM-1-768x960.jpeg 768w, https:\/\/laultimapalabra.com.mx\/portal\/wp-content\/uploads\/2026\/04\/WhatsApp-Image-2026-04-29-at-11.47.00-AM-1.jpeg 1024w\" sizes=\"auto, (max-width: 240px) 100vw, 240px\" \/> <img loading=\"lazy\" decoding=\"async\" class=\"alignnone size-medium wp-image-115564\" src=\"https:\/\/laultimapalabra.com.mx\/portal\/wp-content\/uploads\/2026\/04\/WhatsApp-Image-2026-04-29-at-11.47.01-AM-240x300.jpeg\" alt=\"\" width=\"240\" height=\"300\" srcset=\"https:\/\/laultimapalabra.com.mx\/portal\/wp-content\/uploads\/2026\/04\/WhatsApp-Image-2026-04-29-at-11.47.01-AM-240x300.jpeg 240w, https:\/\/laultimapalabra.com.mx\/portal\/wp-content\/uploads\/2026\/04\/WhatsApp-Image-2026-04-29-at-11.47.01-AM-819x1024.jpeg 819w, https:\/\/laultimapalabra.com.mx\/portal\/wp-content\/uploads\/2026\/04\/WhatsApp-Image-2026-04-29-at-11.47.01-AM-768x960.jpeg 768w, https:\/\/laultimapalabra.com.mx\/portal\/wp-content\/uploads\/2026\/04\/WhatsApp-Image-2026-04-29-at-11.47.01-AM.jpeg 1024w\" sizes=\"auto, (max-width: 240px) 100vw, 240px\" \/> <img loading=\"lazy\" decoding=\"async\" class=\"alignnone size-medium wp-image-115563\" src=\"https:\/\/laultimapalabra.com.mx\/portal\/wp-content\/uploads\/2026\/04\/WhatsApp-Image-2026-04-29-at-11.47.01-AM-1-240x300.jpeg\" alt=\"\" width=\"240\" height=\"300\" srcset=\"https:\/\/laultimapalabra.com.mx\/portal\/wp-content\/uploads\/2026\/04\/WhatsApp-Image-2026-04-29-at-11.47.01-AM-1-240x300.jpeg 240w, https:\/\/laultimapalabra.com.mx\/portal\/wp-content\/uploads\/2026\/04\/WhatsApp-Image-2026-04-29-at-11.47.01-AM-1-819x1024.jpeg 819w, https:\/\/laultimapalabra.com.mx\/portal\/wp-content\/uploads\/2026\/04\/WhatsApp-Image-2026-04-29-at-11.47.01-AM-1-768x960.jpeg 768w, https:\/\/laultimapalabra.com.mx\/portal\/wp-content\/uploads\/2026\/04\/WhatsApp-Image-2026-04-29-at-11.47.01-AM-1.jpeg 1024w\" sizes=\"auto, (max-width: 240px) 100vw, 240px\" \/><\/p>\n<p>Los duelos ser\u00e1n: Tecateros del Barranquito vs Venados de la Haciendita, La Tribu vs \u00c1guilas de San Isidro, Terribles vs Tigres del Rancho Viejo, entre otros.<\/p>\n<p>Los detalles de esta nueva etapa fueron compartidos durante la reuni\u00f3n celebrada el martes en la Direcci\u00f3n de Deportes de la Unidad Deportiva Alfonso Mart\u00ednez Dom\u00ednguez, encabezada por el director Octavio Rojas Vargas.<\/p>\n<p>La jornada se realiza con el respaldo del alcalde, Lic. Carlos Rodr\u00edguez \u201cEl Cuate\u201d, a trav\u00e9s de la Secretar\u00eda de Desarrollo Social y Humano, dirigida por Rosendo \u201cChendo\u201d Garza, en conjunto con la Direcci\u00f3n de Deportes.<\/p>\n<p>El b\u00e9isbol ejidal es orgullo y tradici\u00f3n de la comunidad. Mucho \u00e9xito a todos los equipos participantes.<\/p>\n","protected":false},"excerpt":{"rendered":"<p>&nbsp; Cadereyta, N.L. \u2014 Este fin de semana arranca la Jornada n\u00famero 7 de la Liga Municipal de B\u00e9isbol Ejidal, categor\u00eda Ejidal \u2013 Segunda Fuerza, con 4 emocionantes encuentros que dan inicio a la jornada a partir de las 11:00 AM de este domingo 3 de mayo. Los duelos ser\u00e1n: Tecateros del Barranquito vs Venados [&hellip;]<\/p>\n","protected":false},"author":14,"featured_media":115566,"comment_status":"closed","ping_status":"closed","sticky":false,"template":"","format":"standard","meta":{"footnotes":""},"categories":[17],"tags":[],"class_list":["post-115557","post","type-post","status-publish","format-standard","has-post-thumbnail","hentry","category-locales-cadereyta"],"_links":{"self":[{"href":"https:\/\/laultimapalabra.com.mx\/portal\/wp-json\/wp\/v2\/posts\/115557","targetHints":{"allow":["GET"]}}],"collection":[{"href":"https:\/\/laultimapalabra.com.mx\/portal\/wp-json\/wp\/v2\/posts"}],"about":[{"href":"https:\/\/laultimapalabra.com.mx\/portal\/wp-json\/wp\/v2\/types\/post"}],"author":[{"embeddable":true,"href":"https:\/\/laultimapalabra.com.mx\/portal\/wp-json\/wp\/v2\/users\/14"}],"replies":[{"embeddable":true,"href":"https:\/\/laultimapalabra.com.mx\/portal\/wp-json\/wp\/v2\/comments?post=115557"}],"version-history":[{"count":1,"href":"https:\/\/laultimapalabra.com.mx\/portal\/wp-json\/wp\/v2\/posts\/115557\/revisions"}],"predecessor-version":[{"id":115567,"href":"https:\/\/laultimapalabra.com.mx\/portal\/wp-json\/wp\/v2\/posts\/115557\/revisions\/115567"}],"wp:featuredmedia":[{"embeddable":true,"href":"https:\/\/laultimapalabra.com.mx\/portal\/wp-json\/wp\/v2\/media\/115566"}],"wp:attachment":[{"href":"https:\/\/laultimapalabra.com.mx\/portal\/wp-json\/wp\/v2\/media?parent=115557"}],"wp:term":[{"taxonomy":"category","embeddable":true,"href":"https:\/\/laultimapalabra.com.mx\/portal\/wp-json\/wp\/v2\/categories?post=115557"},{"taxonomy":"post_tag","embeddable":true,"href":"https:\/\/laultimapalabra.com.mx\/portal\/wp-json\/wp\/v2\/tags?post=115557"}],"curies":[{"name":"wp","href":"https:\/\/api.w.org\/{rel}","templated":true}]}}