                       {"id":115577,"date":"2026-04-29T15:28:17","date_gmt":"2026-04-29T21:28:17","guid":{"rendered":"https:\/\/laultimapalabra.com.mx\/portal\/?p=115577"},"modified":"2026-04-29T15:28:17","modified_gmt":"2026-04-29T21:28:17","slug":"muere-ciclista-tras-ser-atropellado-en-carriles-expres-de-avenida-constitucion-en-monterrey","status":"publish","type":"post","link":"https:\/\/laultimapalabra.com.mx\/portal\/muere-ciclista-tras-ser-atropellado-en-carriles-expres-de-avenida-constitucion-en-monterrey\/","title":{"rendered":"Muere ciclista tras ser atropellado en carriles expr\u00e9s de avenida Constituci\u00f3n en Monterrey"},"content":{"rendered":"<p>Un ciclista falleci\u00f3 tras ser atropellado en los carriles expr\u00e9s de la avenida Morones Prieto, en el municipio de Monterrey. El incidente fue reportado alrededor de las 21:50 horas del martes sobre dicha vialidad. Al sitio arribaron param\u00e9dicos de Protecci\u00f3n Civil de Monterrey, quienes confirmaron que el hombre ya no contaba con signos vitales. De acuerdo con los primeros informes, el ciclista circulaba en medio de los dos carriles expr\u00e9s de la avenida Morones Prieto, por lo que el automovilista involucrado no logr\u00f3 verlo a tiempo y termin\u00f3 por atropellarlo, provocando el fatal accidente.<br \/>\nFUENTE: TELEDIARIO<\/p>\n","protected":false},"excerpt":{"rendered":"<p>Un ciclista falleci\u00f3 tras ser atropellado en los carriles expr\u00e9s de la avenida Morones Prieto, en el municipio de Monterrey. El incidente fue reportado alrededor de las 21:50 horas del martes sobre dicha vialidad. Al sitio arribaron param\u00e9dicos de Protecci\u00f3n Civil de Monterrey, quienes confirmaron que el hombre ya no contaba con signos vitales. De [&hellip;]<\/p>\n","protected":false},"author":14,"featured_media":115571,"comment_status":"closed","ping_status":"closed","sticky":false,"template":"","format":"standard","meta":{"footnotes":""},"categories":[15],"tags":[],"class_list":["post-115577","post","type-post","status-publish","format-standard","has-post-thumbnail","hentry","category-estado"],"_links":{"self":[{"href":"https:\/\/laultimapalabra.com.mx\/portal\/wp-json\/wp\/v2\/posts\/115577","targetHints":{"allow":["GET"]}}],"collection":[{"href":"https:\/\/laultimapalabra.com.mx\/portal\/wp-json\/wp\/v2\/posts"}],"about":[{"href":"https:\/\/laultimapalabra.com.mx\/portal\/wp-json\/wp\/v2\/types\/post"}],"author":[{"embeddable":true,"href":"https:\/\/laultimapalabra.com.mx\/portal\/wp-json\/wp\/v2\/users\/14"}],"replies":[{"embeddable":true,"href":"https:\/\/laultimapalabra.com.mx\/portal\/wp-json\/wp\/v2\/comments?post=115577"}],"version-history":[{"count":1,"href":"https:\/\/laultimapalabra.com.mx\/portal\/wp-json\/wp\/v2\/posts\/115577\/revisions"}],"predecessor-version":[{"id":115578,"href":"https:\/\/laultimapalabra.com.mx\/portal\/wp-json\/wp\/v2\/posts\/115577\/revisions\/115578"}],"wp:featuredmedia":[{"embeddable":true,"href":"https:\/\/laultimapalabra.com.mx\/portal\/wp-json\/wp\/v2\/media\/115571"}],"wp:attachment":[{"href":"https:\/\/laultimapalabra.com.mx\/portal\/wp-json\/wp\/v2\/media?parent=115577"}],"wp:term":[{"taxonomy":"category","embeddable":true,"href":"https:\/\/laultimapalabra.com.mx\/portal\/wp-json\/wp\/v2\/categories?post=115577"},{"taxonomy":"post_tag","embeddable":true,"href":"https:\/\/laultimapalabra.com.mx\/portal\/wp-json\/wp\/v2\/tags?post=115577"}],"curies":[{"name":"wp","href":"https:\/\/api.w.org\/{rel}","templated":true}]}}