                       {"id":115579,"date":"2026-04-29T17:59:05","date_gmt":"2026-04-29T23:59:05","guid":{"rendered":"https:\/\/laultimapalabra.com.mx\/portal\/?p=115579"},"modified":"2026-04-29T17:59:05","modified_gmt":"2026-04-29T23:59:05","slug":"denuncian-a-agre5ores-de-alumnos-de-secundaria-de-colinas-de-san-juan","status":"publish","type":"post","link":"https:\/\/laultimapalabra.com.mx\/portal\/denuncian-a-agre5ores-de-alumnos-de-secundaria-de-colinas-de-san-juan\/","title":{"rendered":"Denuncian a agre5ores de alumnos de secundaria de Colinas de San Juan"},"content":{"rendered":"<p>Ju\u00e1rez, N.L.- El d\u00edas de hoy, poco antes de las 13:00 horas, fue interpuesta una denuncia en el Code, contra j\u00f3venes ajenos a la Escuela Secundaria T\u00e9cnica 97 \u201cAlfonso Garc\u00eda Robles\u201d, que han golpeado a alumnos del lugar.<br \/>\nEl jueves, un menor del segundo grado, fue a7acado a las 6:40 de la tarde, hora de salida del turno vespertino.<br \/>\nEl d\u00eda de ayer, el mismo joven fue agr3dido, solo que en esta ocasi\u00f3n estaba acompa\u00f1ado de su hermano mayor, quien lo defendi\u00f3 en el segundo hecho viol3nto.<br \/>\nY c\u00f3mo est\u00e1 hay varias historias que se viven en afuera de este plantel, cuyos padres de familia piden mayor vigilancia policiaca y mayor seguridad para sus hijos, antes que suceda un hecho grave que lamentar.<\/p>\n","protected":false},"excerpt":{"rendered":"<p>Ju\u00e1rez, N.L.- El d\u00edas de hoy, poco antes de las 13:00 horas, fue interpuesta una denuncia en el Code, contra j\u00f3venes ajenos a la Escuela Secundaria T\u00e9cnica 97 \u201cAlfonso Garc\u00eda Robles\u201d, que han golpeado a alumnos del lugar. El jueves, un menor del segundo grado, fue a7acado a las 6:40 de la tarde, hora de [&hellip;]<\/p>\n","protected":false},"author":14,"featured_media":115581,"comment_status":"closed","ping_status":"closed","sticky":false,"template":"","format":"standard","meta":{"footnotes":""},"categories":[18],"tags":[],"class_list":["post-115579","post","type-post","status-publish","format-standard","has-post-thumbnail","hentry","category-locales-juarez"],"_links":{"self":[{"href":"https:\/\/laultimapalabra.com.mx\/portal\/wp-json\/wp\/v2\/posts\/115579","targetHints":{"allow":["GET"]}}],"collection":[{"href":"https:\/\/laultimapalabra.com.mx\/portal\/wp-json\/wp\/v2\/posts"}],"about":[{"href":"https:\/\/laultimapalabra.com.mx\/portal\/wp-json\/wp\/v2\/types\/post"}],"author":[{"embeddable":true,"href":"https:\/\/laultimapalabra.com.mx\/portal\/wp-json\/wp\/v2\/users\/14"}],"replies":[{"embeddable":true,"href":"https:\/\/laultimapalabra.com.mx\/portal\/wp-json\/wp\/v2\/comments?post=115579"}],"version-history":[{"count":1,"href":"https:\/\/laultimapalabra.com.mx\/portal\/wp-json\/wp\/v2\/posts\/115579\/revisions"}],"predecessor-version":[{"id":115582,"href":"https:\/\/laultimapalabra.com.mx\/portal\/wp-json\/wp\/v2\/posts\/115579\/revisions\/115582"}],"wp:featuredmedia":[{"embeddable":true,"href":"https:\/\/laultimapalabra.com.mx\/portal\/wp-json\/wp\/v2\/media\/115581"}],"wp:attachment":[{"href":"https:\/\/laultimapalabra.com.mx\/portal\/wp-json\/wp\/v2\/media?parent=115579"}],"wp:term":[{"taxonomy":"category","embeddable":true,"href":"https:\/\/laultimapalabra.com.mx\/portal\/wp-json\/wp\/v2\/categories?post=115579"},{"taxonomy":"post_tag","embeddable":true,"href":"https:\/\/laultimapalabra.com.mx\/portal\/wp-json\/wp\/v2\/tags?post=115579"}],"curies":[{"name":"wp","href":"https:\/\/api.w.org\/{rel}","templated":true}]}}