                       {"id":115583,"date":"2026-04-30T14:22:50","date_gmt":"2026-04-30T20:22:50","guid":{"rendered":"https:\/\/laultimapalabra.com.mx\/portal\/?p=115583"},"modified":"2026-04-30T14:22:50","modified_gmt":"2026-04-30T20:22:50","slug":"festejan-a-ninas-y-ninos-en-la-unidad-deportiva-alfonso-martinez-dominguez","status":"publish","type":"post","link":"https:\/\/laultimapalabra.com.mx\/portal\/festejan-a-ninas-y-ninos-en-la-unidad-deportiva-alfonso-martinez-dominguez\/","title":{"rendered":"Festejan a ni\u00f1as y ni\u00f1os en la Unidad Deportiva Alfonso Mart\u00ednez Dom\u00ednguez"},"content":{"rendered":"<p>&nbsp;<\/p>\n<p>Cadereyta, N.L. \u2014 Risas, emoci\u00f3n y un gran ambiente marcaron la celebraci\u00f3n del D\u00eda del Ni\u00f1o en la Unidad Deportiva Alfonso Mart\u00ednez Dom\u00ednguez, donde cada juego, sorpresa y detalle encendi\u00f3 la alegr\u00eda de ni\u00f1as y ni\u00f1os en una jornada que se vivi\u00f3 con intensidad de principio a fin.<\/p>\n<p><img loading=\"lazy\" decoding=\"async\" class=\"alignnone size-medium wp-image-115594\" src=\"https:\/\/laultimapalabra.com.mx\/portal\/wp-content\/uploads\/2026\/04\/WhatsApp-Image-2026-04-30-at-11.02.41-AM-300x200.jpeg\" alt=\"\" width=\"300\" height=\"200\" srcset=\"https:\/\/laultimapalabra.com.mx\/portal\/wp-content\/uploads\/2026\/04\/WhatsApp-Image-2026-04-30-at-11.02.41-AM-300x200.jpeg 300w, https:\/\/laultimapalabra.com.mx\/portal\/wp-content\/uploads\/2026\/04\/WhatsApp-Image-2026-04-30-at-11.02.41-AM-1024x682.jpeg 1024w, https:\/\/laultimapalabra.com.mx\/portal\/wp-content\/uploads\/2026\/04\/WhatsApp-Image-2026-04-30-at-11.02.41-AM-768x512.jpeg 768w, https:\/\/laultimapalabra.com.mx\/portal\/wp-content\/uploads\/2026\/04\/WhatsApp-Image-2026-04-30-at-11.02.41-AM-1536x1023.jpeg 1536w, https:\/\/laultimapalabra.com.mx\/portal\/wp-content\/uploads\/2026\/04\/WhatsApp-Image-2026-04-30-at-11.02.41-AM.jpeg 1600w\" sizes=\"auto, (max-width: 300px) 100vw, 300px\" \/> <img loading=\"lazy\" decoding=\"async\" class=\"alignnone size-medium wp-image-115593\" src=\"https:\/\/laultimapalabra.com.mx\/portal\/wp-content\/uploads\/2026\/04\/WhatsApp-Image-2026-04-30-at-11.02.41-AM-1-300x225.jpeg\" alt=\"\" width=\"300\" height=\"225\" srcset=\"https:\/\/laultimapalabra.com.mx\/portal\/wp-content\/uploads\/2026\/04\/WhatsApp-Image-2026-04-30-at-11.02.41-AM-1-300x225.jpeg 300w, https:\/\/laultimapalabra.com.mx\/portal\/wp-content\/uploads\/2026\/04\/WhatsApp-Image-2026-04-30-at-11.02.41-AM-1-1024x768.jpeg 1024w, https:\/\/laultimapalabra.com.mx\/portal\/wp-content\/uploads\/2026\/04\/WhatsApp-Image-2026-04-30-at-11.02.41-AM-1-768x576.jpeg 768w, https:\/\/laultimapalabra.com.mx\/portal\/wp-content\/uploads\/2026\/04\/WhatsApp-Image-2026-04-30-at-11.02.41-AM-1.jpeg 1280w\" sizes=\"auto, (max-width: 300px) 100vw, 300px\" \/> <img loading=\"lazy\" decoding=\"async\" class=\"alignnone size-medium wp-image-115592\" src=\"https:\/\/laultimapalabra.com.mx\/portal\/wp-content\/uploads\/2026\/04\/WhatsApp-Image-2026-04-30-at-11.02.41-AM-2-300x225.jpeg\" alt=\"\" width=\"300\" height=\"225\" srcset=\"https:\/\/laultimapalabra.com.mx\/portal\/wp-content\/uploads\/2026\/04\/WhatsApp-Image-2026-04-30-at-11.02.41-AM-2-300x225.jpeg 300w, https:\/\/laultimapalabra.com.mx\/portal\/wp-content\/uploads\/2026\/04\/WhatsApp-Image-2026-04-30-at-11.02.41-AM-2-1024x768.jpeg 1024w, https:\/\/laultimapalabra.com.mx\/portal\/wp-content\/uploads\/2026\/04\/WhatsApp-Image-2026-04-30-at-11.02.41-AM-2-768x576.jpeg 768w, https:\/\/laultimapalabra.com.mx\/portal\/wp-content\/uploads\/2026\/04\/WhatsApp-Image-2026-04-30-at-11.02.41-AM-2-1536x1152.jpeg 1536w, https:\/\/laultimapalabra.com.mx\/portal\/wp-content\/uploads\/2026\/04\/WhatsApp-Image-2026-04-30-at-11.02.41-AM-2.jpeg 1600w\" sizes=\"auto, (max-width: 300px) 100vw, 300px\" \/> <img loading=\"lazy\" decoding=\"async\" class=\"alignnone size-medium wp-image-115591\" src=\"https:\/\/laultimapalabra.com.mx\/portal\/wp-content\/uploads\/2026\/04\/WhatsApp-Image-2026-04-30-at-11.02.50-AM-300x225.jpeg\" alt=\"\" width=\"300\" height=\"225\" srcset=\"https:\/\/laultimapalabra.com.mx\/portal\/wp-content\/uploads\/2026\/04\/WhatsApp-Image-2026-04-30-at-11.02.50-AM-300x225.jpeg 300w, https:\/\/laultimapalabra.com.mx\/portal\/wp-content\/uploads\/2026\/04\/WhatsApp-Image-2026-04-30-at-11.02.50-AM-1024x768.jpeg 1024w, https:\/\/laultimapalabra.com.mx\/portal\/wp-content\/uploads\/2026\/04\/WhatsApp-Image-2026-04-30-at-11.02.50-AM-768x576.jpeg 768w, https:\/\/laultimapalabra.com.mx\/portal\/wp-content\/uploads\/2026\/04\/WhatsApp-Image-2026-04-30-at-11.02.50-AM-1536x1152.jpeg 1536w, https:\/\/laultimapalabra.com.mx\/portal\/wp-content\/uploads\/2026\/04\/WhatsApp-Image-2026-04-30-at-11.02.50-AM.jpeg 1600w\" sizes=\"auto, (max-width: 300px) 100vw, 300px\" \/> <img loading=\"lazy\" decoding=\"async\" class=\"alignnone size-medium wp-image-115590\" src=\"https:\/\/laultimapalabra.com.mx\/portal\/wp-content\/uploads\/2026\/04\/WhatsApp-Image-2026-04-30-at-11.02.50-AM-1-300x225.jpeg\" alt=\"\" width=\"300\" height=\"225\" srcset=\"https:\/\/laultimapalabra.com.mx\/portal\/wp-content\/uploads\/2026\/04\/WhatsApp-Image-2026-04-30-at-11.02.50-AM-1-300x225.jpeg 300w, https:\/\/laultimapalabra.com.mx\/portal\/wp-content\/uploads\/2026\/04\/WhatsApp-Image-2026-04-30-at-11.02.50-AM-1-1024x768.jpeg 1024w, https:\/\/laultimapalabra.com.mx\/portal\/wp-content\/uploads\/2026\/04\/WhatsApp-Image-2026-04-30-at-11.02.50-AM-1-768x576.jpeg 768w, https:\/\/laultimapalabra.com.mx\/portal\/wp-content\/uploads\/2026\/04\/WhatsApp-Image-2026-04-30-at-11.02.50-AM-1-1536x1152.jpeg 1536w, https:\/\/laultimapalabra.com.mx\/portal\/wp-content\/uploads\/2026\/04\/WhatsApp-Image-2026-04-30-at-11.02.50-AM-1.jpeg 1600w\" sizes=\"auto, (max-width: 300px) 100vw, 300px\" \/><\/p>\n<p>Sum\u00e1ndose con entusiasmo a esta gran celebraci\u00f3n, el alcalde Carlos Rodr\u00edguez &#8220;El Cuate&#8221;, acompa\u00f1ado de su esposa y presidenta del DIF Municipal, Aleida Montemayor, disfrutaron de la convivencia con las familias, recorriendo el lugar entre sonrisas y muestras de cari\u00f1o, y compartiendo de cerca la alegr\u00eda de ni\u00f1as y ni\u00f1os que hicieron de la tarde un momento verdaderamente especial.<\/p>\n","protected":false},"excerpt":{"rendered":"<p>&nbsp; Cadereyta, N.L. \u2014 Risas, emoci\u00f3n y un gran ambiente marcaron la celebraci\u00f3n del D\u00eda del Ni\u00f1o en la Unidad Deportiva Alfonso Mart\u00ednez Dom\u00ednguez, donde cada juego, sorpresa y detalle encendi\u00f3 la alegr\u00eda de ni\u00f1as y ni\u00f1os en una jornada que se vivi\u00f3 con intensidad de principio a fin. Sum\u00e1ndose con entusiasmo a esta gran [&hellip;]<\/p>\n","protected":false},"author":14,"featured_media":115591,"comment_status":"closed","ping_status":"closed","sticky":false,"template":"","format":"standard","meta":{"footnotes":""},"categories":[17],"tags":[],"class_list":["post-115583","post","type-post","status-publish","format-standard","has-post-thumbnail","hentry","category-locales-cadereyta"],"_links":{"self":[{"href":"https:\/\/laultimapalabra.com.mx\/portal\/wp-json\/wp\/v2\/posts\/115583","targetHints":{"allow":["GET"]}}],"collection":[{"href":"https:\/\/laultimapalabra.com.mx\/portal\/wp-json\/wp\/v2\/posts"}],"about":[{"href":"https:\/\/laultimapalabra.com.mx\/portal\/wp-json\/wp\/v2\/types\/post"}],"author":[{"embeddable":true,"href":"https:\/\/laultimapalabra.com.mx\/portal\/wp-json\/wp\/v2\/users\/14"}],"replies":[{"embeddable":true,"href":"https:\/\/laultimapalabra.com.mx\/portal\/wp-json\/wp\/v2\/comments?post=115583"}],"version-history":[{"count":1,"href":"https:\/\/laultimapalabra.com.mx\/portal\/wp-json\/wp\/v2\/posts\/115583\/revisions"}],"predecessor-version":[{"id":115595,"href":"https:\/\/laultimapalabra.com.mx\/portal\/wp-json\/wp\/v2\/posts\/115583\/revisions\/115595"}],"wp:featuredmedia":[{"embeddable":true,"href":"https:\/\/laultimapalabra.com.mx\/portal\/wp-json\/wp\/v2\/media\/115591"}],"wp:attachment":[{"href":"https:\/\/laultimapalabra.com.mx\/portal\/wp-json\/wp\/v2\/media?parent=115583"}],"wp:term":[{"taxonomy":"category","embeddable":true,"href":"https:\/\/laultimapalabra.com.mx\/portal\/wp-json\/wp\/v2\/categories?post=115583"},{"taxonomy":"post_tag","embeddable":true,"href":"https:\/\/laultimapalabra.com.mx\/portal\/wp-json\/wp\/v2\/tags?post=115583"}],"curies":[{"name":"wp","href":"https:\/\/api.w.org\/{rel}","templated":true}]}}