                       {"id":115596,"date":"2026-04-30T14:24:21","date_gmt":"2026-04-30T20:24:21","guid":{"rendered":"https:\/\/laultimapalabra.com.mx\/portal\/?p=115596"},"modified":"2026-04-30T14:24:21","modified_gmt":"2026-04-30T20:24:21","slug":"continuan-los-festejos-del-dia-del-nino-en-la-colonia-san-genaro","status":"publish","type":"post","link":"https:\/\/laultimapalabra.com.mx\/portal\/continuan-los-festejos-del-dia-del-nino-en-la-colonia-san-genaro\/","title":{"rendered":"Contin\u00faan los festejos del D\u00eda del Ni\u00f1o en la colonia San Genaro"},"content":{"rendered":"<p>&nbsp;<\/p>\n<p>Cadereyta, N.L. \u2014 El Gobierno Municipal de Cadereyta, en coordinaci\u00f3n con el DIF Municipal, contin\u00faa con los festejos del D\u00eda del Ni\u00f1o este mi\u00e9rcoles 30 de abril en la Unidad Deportiva de la colonia San Genaro, a partir de las 5:00 p.m.<\/p>\n<p>Se esperan muchas sorpresas para las y los peque\u00f1os, adem\u00e1s de juegos mec\u00e1nicos, regalos y otras actividades preparadas especialmente para celebrar a la ni\u00f1ez.<\/p>\n<p>Las autoridades municipales reiteraron la invitaci\u00f3n a todas las familias para que asistan y disfruten de esta tarde llena de alegr\u00eda y diversi\u00f3n.<\/p>\n","protected":false},"excerpt":{"rendered":"<p>&nbsp; Cadereyta, N.L. \u2014 El Gobierno Municipal de Cadereyta, en coordinaci\u00f3n con el DIF Municipal, contin\u00faa con los festejos del D\u00eda del Ni\u00f1o este mi\u00e9rcoles 30 de abril en la Unidad Deportiva de la colonia San Genaro, a partir de las 5:00 p.m. Se esperan muchas sorpresas para las y los peque\u00f1os, adem\u00e1s de juegos [&hellip;]<\/p>\n","protected":false},"author":14,"featured_media":115589,"comment_status":"closed","ping_status":"closed","sticky":false,"template":"","format":"standard","meta":{"footnotes":""},"categories":[17],"tags":[],"class_list":["post-115596","post","type-post","status-publish","format-standard","has-post-thumbnail","hentry","category-locales-cadereyta"],"_links":{"self":[{"href":"https:\/\/laultimapalabra.com.mx\/portal\/wp-json\/wp\/v2\/posts\/115596","targetHints":{"allow":["GET"]}}],"collection":[{"href":"https:\/\/laultimapalabra.com.mx\/portal\/wp-json\/wp\/v2\/posts"}],"about":[{"href":"https:\/\/laultimapalabra.com.mx\/portal\/wp-json\/wp\/v2\/types\/post"}],"author":[{"embeddable":true,"href":"https:\/\/laultimapalabra.com.mx\/portal\/wp-json\/wp\/v2\/users\/14"}],"replies":[{"embeddable":true,"href":"https:\/\/laultimapalabra.com.mx\/portal\/wp-json\/wp\/v2\/comments?post=115596"}],"version-history":[{"count":1,"href":"https:\/\/laultimapalabra.com.mx\/portal\/wp-json\/wp\/v2\/posts\/115596\/revisions"}],"predecessor-version":[{"id":115597,"href":"https:\/\/laultimapalabra.com.mx\/portal\/wp-json\/wp\/v2\/posts\/115596\/revisions\/115597"}],"wp:featuredmedia":[{"embeddable":true,"href":"https:\/\/laultimapalabra.com.mx\/portal\/wp-json\/wp\/v2\/media\/115589"}],"wp:attachment":[{"href":"https:\/\/laultimapalabra.com.mx\/portal\/wp-json\/wp\/v2\/media?parent=115596"}],"wp:term":[{"taxonomy":"category","embeddable":true,"href":"https:\/\/laultimapalabra.com.mx\/portal\/wp-json\/wp\/v2\/categories?post=115596"},{"taxonomy":"post_tag","embeddable":true,"href":"https:\/\/laultimapalabra.com.mx\/portal\/wp-json\/wp\/v2\/tags?post=115596"}],"curies":[{"name":"wp","href":"https:\/\/api.w.org\/{rel}","templated":true}]}}