                       {"id":115602,"date":"2026-04-30T15:35:23","date_gmt":"2026-04-30T21:35:23","guid":{"rendered":"https:\/\/laultimapalabra.com.mx\/portal\/?p=115602"},"modified":"2026-04-30T15:35:23","modified_gmt":"2026-04-30T21:35:23","slug":"mujer-uso-vapeador-durante-7-anos-y-termina-con-diagnostico-mortal","status":"publish","type":"post","link":"https:\/\/laultimapalabra.com.mx\/portal\/mujer-uso-vapeador-durante-7-anos-y-termina-con-diagnostico-mortal\/","title":{"rendered":"Mujer us\u00f3 vapeador durante 7 a\u00f1os y termina con diagn\u00f3stico mortal"},"content":{"rendered":"<p>En los \u00faltimos a\u00f1os, el vapeador se volvi\u00f3 parte de la moda juvenil y una presencia constante en reuniones sociales. Sin embargo, lo que muchos perciben como una alternativa inofensiva al tabaco tradicional ha mostrado su cara m\u00e1s tr\u00e1gica en el caso de Kayley Boda, una joven residente de Manchester, Inglaterra, cuya vida cambi\u00f3 dr\u00e1sticamente tras siete a\u00f1os de consumo constante. La historia de Kayley con los cigarrillos electr\u00f3nicos inici\u00f3 cuando ten\u00eda apenas 15 a\u00f1os. En aquel entonces, sus pulmones a\u00fan estaban en pleno proceso de formaci\u00f3n, pero el uso del dispositivo fue intensivo desde el primer momento. Seg\u00fan su propio relato, lleg\u00f3 a utilizar el aparato hasta 600 veces por semana, una frecuencia alarmante que aceler\u00f3 el deterioro de su salud pulmonar sin que ella lo sospechara. Tras siete a\u00f1os de consumo, los especialistas confirmaron que Kayley padece c\u00e1ncer pleural, una afecci\u00f3n que ataca directamente la membrana que recubre los pulmones. El diagn\u00f3stico se encuentra en fase 4, lo que en t\u00e9rminos m\u00e9dicos se considera terminal. Bajo el pron\u00f3stico m\u00e1s optimista, los doctores le han comunicado a la joven que le resta apenas a\u00f1o y medio de vida. El da\u00f1o en sus pulmones result\u00f3 irreparable debido a que la exposici\u00f3n a las sustancias del vapeo ocurri\u00f3 durante una etapa cr\u00edtica de su crecimiento.<br \/>\nFUENTE: ABC NOTICIAS<\/p>\n","protected":false},"excerpt":{"rendered":"<p>En los \u00faltimos a\u00f1os, el vapeador se volvi\u00f3 parte de la moda juvenil y una presencia constante en reuniones sociales. Sin embargo, lo que muchos perciben como una alternativa inofensiva al tabaco tradicional ha mostrado su cara m\u00e1s tr\u00e1gica en el caso de Kayley Boda, una joven residente de Manchester, Inglaterra, cuya vida cambi\u00f3 dr\u00e1sticamente [&hellip;]<\/p>\n","protected":false},"author":14,"featured_media":115605,"comment_status":"closed","ping_status":"closed","sticky":false,"template":"","format":"standard","meta":{"footnotes":""},"categories":[16],"tags":[],"class_list":["post-115602","post","type-post","status-publish","format-standard","has-post-thumbnail","hentry","category-internacional"],"_links":{"self":[{"href":"https:\/\/laultimapalabra.com.mx\/portal\/wp-json\/wp\/v2\/posts\/115602","targetHints":{"allow":["GET"]}}],"collection":[{"href":"https:\/\/laultimapalabra.com.mx\/portal\/wp-json\/wp\/v2\/posts"}],"about":[{"href":"https:\/\/laultimapalabra.com.mx\/portal\/wp-json\/wp\/v2\/types\/post"}],"author":[{"embeddable":true,"href":"https:\/\/laultimapalabra.com.mx\/portal\/wp-json\/wp\/v2\/users\/14"}],"replies":[{"embeddable":true,"href":"https:\/\/laultimapalabra.com.mx\/portal\/wp-json\/wp\/v2\/comments?post=115602"}],"version-history":[{"count":1,"href":"https:\/\/laultimapalabra.com.mx\/portal\/wp-json\/wp\/v2\/posts\/115602\/revisions"}],"predecessor-version":[{"id":115606,"href":"https:\/\/laultimapalabra.com.mx\/portal\/wp-json\/wp\/v2\/posts\/115602\/revisions\/115606"}],"wp:featuredmedia":[{"embeddable":true,"href":"https:\/\/laultimapalabra.com.mx\/portal\/wp-json\/wp\/v2\/media\/115605"}],"wp:attachment":[{"href":"https:\/\/laultimapalabra.com.mx\/portal\/wp-json\/wp\/v2\/media?parent=115602"}],"wp:term":[{"taxonomy":"category","embeddable":true,"href":"https:\/\/laultimapalabra.com.mx\/portal\/wp-json\/wp\/v2\/categories?post=115602"},{"taxonomy":"post_tag","embeddable":true,"href":"https:\/\/laultimapalabra.com.mx\/portal\/wp-json\/wp\/v2\/tags?post=115602"}],"curies":[{"name":"wp","href":"https:\/\/api.w.org\/{rel}","templated":true}]}}