                       {"id":115612,"date":"2026-05-01T15:35:31","date_gmt":"2026-05-01T21:35:31","guid":{"rendered":"https:\/\/laultimapalabra.com.mx\/portal\/?p=115612"},"modified":"2026-05-01T15:35:31","modified_gmt":"2026-05-01T21:35:31","slug":"accidente-en-libramiento-oriente-deja-dos-lesionados-en-cadereyta","status":"publish","type":"post","link":"https:\/\/laultimapalabra.com.mx\/portal\/accidente-en-libramiento-oriente-deja-dos-lesionados-en-cadereyta\/","title":{"rendered":"Accidente en Libramiento Oriente deja dos lesionados en Cadereyta"},"content":{"rendered":"<p>&nbsp;<\/p>\n<p>Cadereyta, N.L. \u2014 Este viernes alrededor de las 2:00 p.m. se registr\u00f3 un accidente vial sobre el Libramiento Oriente Alfonso Mart\u00ednez Dom\u00ednguez, a la altura de la prolongaci\u00f3n de la calle Morelos, en el municipio de Cadereyta.<\/p>\n<p><img loading=\"lazy\" decoding=\"async\" class=\"alignnone size-medium wp-image-115617\" src=\"https:\/\/laultimapalabra.com.mx\/portal\/wp-content\/uploads\/2026\/05\/WhatsApp-Image-2026-05-01-at-2.44.31-PM-1-300x227.jpeg\" alt=\"\" width=\"300\" height=\"227\" srcset=\"https:\/\/laultimapalabra.com.mx\/portal\/wp-content\/uploads\/2026\/05\/WhatsApp-Image-2026-05-01-at-2.44.31-PM-1-300x227.jpeg 300w, https:\/\/laultimapalabra.com.mx\/portal\/wp-content\/uploads\/2026\/05\/WhatsApp-Image-2026-05-01-at-2.44.31-PM-1.jpeg 720w\" sizes=\"auto, (max-width: 300px) 100vw, 300px\" \/><\/p>\n<p>En el percance participaron una camioneta y un veh\u00edculo color blanco. De manera preliminar, se inform\u00f3 que uno de los veh\u00edculos involucrados se pas\u00f3 un alto, lo que provoc\u00f3 el impacto. Tras la colisi\u00f3n, ambos veh\u00edculos terminaron a un costado de los canales.<\/p>\n<p>Al lugar acudieron elementos de Protecci\u00f3n Civil Municipal para brindar atenci\u00f3n a los dos lesionados, quienes fueron trasladados a la Cl\u00ednica 14 para recibir atenci\u00f3n m\u00e9dica.<\/p>\n<p>Asimismo, elementos de Tr\u00e1nsito se hicieron presentes en el sitio para resguardar el \u00e1rea, realizar el peritaje correspondiente y retirar los veh\u00edculos involucrados.<\/p>\n","protected":false},"excerpt":{"rendered":"<p>&nbsp; Cadereyta, N.L. \u2014 Este viernes alrededor de las 2:00 p.m. se registr\u00f3 un accidente vial sobre el Libramiento Oriente Alfonso Mart\u00ednez Dom\u00ednguez, a la altura de la prolongaci\u00f3n de la calle Morelos, en el municipio de Cadereyta. En el percance participaron una camioneta y un veh\u00edculo color blanco. De manera preliminar, se inform\u00f3 que [&hellip;]<\/p>\n","protected":false},"author":14,"featured_media":115618,"comment_status":"closed","ping_status":"closed","sticky":false,"template":"","format":"standard","meta":{"footnotes":""},"categories":[6805],"tags":[],"class_list":["post-115612","post","type-post","status-publish","format-standard","has-post-thumbnail","hentry","category-accidentes"],"_links":{"self":[{"href":"https:\/\/laultimapalabra.com.mx\/portal\/wp-json\/wp\/v2\/posts\/115612","targetHints":{"allow":["GET"]}}],"collection":[{"href":"https:\/\/laultimapalabra.com.mx\/portal\/wp-json\/wp\/v2\/posts"}],"about":[{"href":"https:\/\/laultimapalabra.com.mx\/portal\/wp-json\/wp\/v2\/types\/post"}],"author":[{"embeddable":true,"href":"https:\/\/laultimapalabra.com.mx\/portal\/wp-json\/wp\/v2\/users\/14"}],"replies":[{"embeddable":true,"href":"https:\/\/laultimapalabra.com.mx\/portal\/wp-json\/wp\/v2\/comments?post=115612"}],"version-history":[{"count":1,"href":"https:\/\/laultimapalabra.com.mx\/portal\/wp-json\/wp\/v2\/posts\/115612\/revisions"}],"predecessor-version":[{"id":115631,"href":"https:\/\/laultimapalabra.com.mx\/portal\/wp-json\/wp\/v2\/posts\/115612\/revisions\/115631"}],"wp:featuredmedia":[{"embeddable":true,"href":"https:\/\/laultimapalabra.com.mx\/portal\/wp-json\/wp\/v2\/media\/115618"}],"wp:attachment":[{"href":"https:\/\/laultimapalabra.com.mx\/portal\/wp-json\/wp\/v2\/media?parent=115612"}],"wp:term":[{"taxonomy":"category","embeddable":true,"href":"https:\/\/laultimapalabra.com.mx\/portal\/wp-json\/wp\/v2\/categories?post=115612"},{"taxonomy":"post_tag","embeddable":true,"href":"https:\/\/laultimapalabra.com.mx\/portal\/wp-json\/wp\/v2\/tags?post=115612"}],"curies":[{"name":"wp","href":"https:\/\/api.w.org\/{rel}","templated":true}]}}