                       {"id":115632,"date":"2026-05-01T15:37:55","date_gmt":"2026-05-01T21:37:55","guid":{"rendered":"https:\/\/laultimapalabra.com.mx\/portal\/?p=115632"},"modified":"2026-05-01T15:37:55","modified_gmt":"2026-05-01T21:37:55","slug":"conmemoran-el-dia-del-trabajo-en-cadereyta-con-izamiento-de-bandera","status":"publish","type":"post","link":"https:\/\/laultimapalabra.com.mx\/portal\/conmemoran-el-dia-del-trabajo-en-cadereyta-con-izamiento-de-bandera\/","title":{"rendered":"Conmemoran el D\u00eda del Trabajo en Cadereyta con izamiento de bandera"},"content":{"rendered":"<p>&nbsp;<\/p>\n<p>Cadereyta, N.L. \u2014 Este 1 de mayo, la Administraci\u00f3n Municipal que encabeza el alcalde Carlos Rodr\u00edguez \u201cEl Cuate\u201d llev\u00f3 a cabo el izamiento de bandera en conmemoraci\u00f3n del D\u00eda del Trabajo.<\/p>\n<p><img loading=\"lazy\" decoding=\"async\" class=\"alignnone size-medium wp-image-115613\" src=\"https:\/\/laultimapalabra.com.mx\/portal\/wp-content\/uploads\/2026\/05\/WhatsApp-Image-2026-05-01-at-3.00.13-PM-300x169.jpeg\" alt=\"\" width=\"300\" height=\"169\" srcset=\"https:\/\/laultimapalabra.com.mx\/portal\/wp-content\/uploads\/2026\/05\/WhatsApp-Image-2026-05-01-at-3.00.13-PM-300x169.jpeg 300w, https:\/\/laultimapalabra.com.mx\/portal\/wp-content\/uploads\/2026\/05\/WhatsApp-Image-2026-05-01-at-3.00.13-PM-1024x576.jpeg 1024w, https:\/\/laultimapalabra.com.mx\/portal\/wp-content\/uploads\/2026\/05\/WhatsApp-Image-2026-05-01-at-3.00.13-PM-768x432.jpeg 768w, https:\/\/laultimapalabra.com.mx\/portal\/wp-content\/uploads\/2026\/05\/WhatsApp-Image-2026-05-01-at-3.00.13-PM-1536x864.jpeg 1536w, https:\/\/laultimapalabra.com.mx\/portal\/wp-content\/uploads\/2026\/05\/WhatsApp-Image-2026-05-01-at-3.00.13-PM.jpeg 1600w\" sizes=\"auto, (max-width: 300px) 100vw, 300px\" \/> <img loading=\"lazy\" decoding=\"async\" class=\"alignnone size-medium wp-image-115615\" src=\"https:\/\/laultimapalabra.com.mx\/portal\/wp-content\/uploads\/2026\/05\/WhatsApp-Image-2026-05-01-at-3.00.10-PM-300x200.jpeg\" alt=\"\" width=\"300\" height=\"200\" srcset=\"https:\/\/laultimapalabra.com.mx\/portal\/wp-content\/uploads\/2026\/05\/WhatsApp-Image-2026-05-01-at-3.00.10-PM-300x200.jpeg 300w, https:\/\/laultimapalabra.com.mx\/portal\/wp-content\/uploads\/2026\/05\/WhatsApp-Image-2026-05-01-at-3.00.10-PM-1024x682.jpeg 1024w, https:\/\/laultimapalabra.com.mx\/portal\/wp-content\/uploads\/2026\/05\/WhatsApp-Image-2026-05-01-at-3.00.10-PM-768x512.jpeg 768w, https:\/\/laultimapalabra.com.mx\/portal\/wp-content\/uploads\/2026\/05\/WhatsApp-Image-2026-05-01-at-3.00.10-PM.jpeg 1280w\" sizes=\"auto, (max-width: 300px) 100vw, 300px\" \/> <img loading=\"lazy\" decoding=\"async\" class=\"alignnone size-medium wp-image-115616\" src=\"https:\/\/laultimapalabra.com.mx\/portal\/wp-content\/uploads\/2026\/05\/WhatsApp-Image-2026-05-01-at-3.00.09-PM-300x200.jpeg\" alt=\"\" width=\"300\" height=\"200\" srcset=\"https:\/\/laultimapalabra.com.mx\/portal\/wp-content\/uploads\/2026\/05\/WhatsApp-Image-2026-05-01-at-3.00.09-PM-300x200.jpeg 300w, https:\/\/laultimapalabra.com.mx\/portal\/wp-content\/uploads\/2026\/05\/WhatsApp-Image-2026-05-01-at-3.00.09-PM-1024x682.jpeg 1024w, https:\/\/laultimapalabra.com.mx\/portal\/wp-content\/uploads\/2026\/05\/WhatsApp-Image-2026-05-01-at-3.00.09-PM-768x512.jpeg 768w, https:\/\/laultimapalabra.com.mx\/portal\/wp-content\/uploads\/2026\/05\/WhatsApp-Image-2026-05-01-at-3.00.09-PM.jpeg 1280w\" sizes=\"auto, (max-width: 300px) 100vw, 300px\" \/> <img loading=\"lazy\" decoding=\"async\" class=\"alignnone size-medium wp-image-115614\" src=\"https:\/\/laultimapalabra.com.mx\/portal\/wp-content\/uploads\/2026\/05\/WhatsApp-Image-2026-05-01-at-3.00.10-PM-1-300x200.jpeg\" alt=\"\" width=\"300\" height=\"200\" srcset=\"https:\/\/laultimapalabra.com.mx\/portal\/wp-content\/uploads\/2026\/05\/WhatsApp-Image-2026-05-01-at-3.00.10-PM-1-300x200.jpeg 300w, https:\/\/laultimapalabra.com.mx\/portal\/wp-content\/uploads\/2026\/05\/WhatsApp-Image-2026-05-01-at-3.00.10-PM-1-1024x682.jpeg 1024w, https:\/\/laultimapalabra.com.mx\/portal\/wp-content\/uploads\/2026\/05\/WhatsApp-Image-2026-05-01-at-3.00.10-PM-1-768x512.jpeg 768w, https:\/\/laultimapalabra.com.mx\/portal\/wp-content\/uploads\/2026\/05\/WhatsApp-Image-2026-05-01-at-3.00.10-PM-1.jpeg 1280w\" sizes=\"auto, (max-width: 300px) 100vw, 300px\" \/><\/p>\n<p>La ceremonia c\u00edvica se realiz\u00f3 en presencia de secretarios, s\u00edndicos y regidores del H. Ayuntamiento, as\u00ed como de representantes petroleros encabezados por Juan Gonz\u00e1lez Olvera, secretario general de la Secci\u00f3n 49 del STPRM, quienes participaron en este acto que honra la labor y el esfuerzo de las y los trabajadores.<\/p>\n<p>Con este izamiento, el Gobierno Municipal refrend\u00f3 su reconocimiento a quienes, con su trabajo diario, contribuyen al desarrollo y bienestar de la comunidad.<\/p>\n","protected":false},"excerpt":{"rendered":"<p>&nbsp; Cadereyta, N.L. \u2014 Este 1 de mayo, la Administraci\u00f3n Municipal que encabeza el alcalde Carlos Rodr\u00edguez \u201cEl Cuate\u201d llev\u00f3 a cabo el izamiento de bandera en conmemoraci\u00f3n del D\u00eda del Trabajo. La ceremonia c\u00edvica se realiz\u00f3 en presencia de secretarios, s\u00edndicos y regidores del H. Ayuntamiento, as\u00ed como de representantes petroleros encabezados por Juan [&hellip;]<\/p>\n","protected":false},"author":14,"featured_media":115614,"comment_status":"closed","ping_status":"closed","sticky":false,"template":"","format":"standard","meta":{"footnotes":""},"categories":[17],"tags":[],"class_list":["post-115632","post","type-post","status-publish","format-standard","has-post-thumbnail","hentry","category-locales-cadereyta"],"_links":{"self":[{"href":"https:\/\/laultimapalabra.com.mx\/portal\/wp-json\/wp\/v2\/posts\/115632","targetHints":{"allow":["GET"]}}],"collection":[{"href":"https:\/\/laultimapalabra.com.mx\/portal\/wp-json\/wp\/v2\/posts"}],"about":[{"href":"https:\/\/laultimapalabra.com.mx\/portal\/wp-json\/wp\/v2\/types\/post"}],"author":[{"embeddable":true,"href":"https:\/\/laultimapalabra.com.mx\/portal\/wp-json\/wp\/v2\/users\/14"}],"replies":[{"embeddable":true,"href":"https:\/\/laultimapalabra.com.mx\/portal\/wp-json\/wp\/v2\/comments?post=115632"}],"version-history":[{"count":1,"href":"https:\/\/laultimapalabra.com.mx\/portal\/wp-json\/wp\/v2\/posts\/115632\/revisions"}],"predecessor-version":[{"id":115633,"href":"https:\/\/laultimapalabra.com.mx\/portal\/wp-json\/wp\/v2\/posts\/115632\/revisions\/115633"}],"wp:featuredmedia":[{"embeddable":true,"href":"https:\/\/laultimapalabra.com.mx\/portal\/wp-json\/wp\/v2\/media\/115614"}],"wp:attachment":[{"href":"https:\/\/laultimapalabra.com.mx\/portal\/wp-json\/wp\/v2\/media?parent=115632"}],"wp:term":[{"taxonomy":"category","embeddable":true,"href":"https:\/\/laultimapalabra.com.mx\/portal\/wp-json\/wp\/v2\/categories?post=115632"},{"taxonomy":"post_tag","embeddable":true,"href":"https:\/\/laultimapalabra.com.mx\/portal\/wp-json\/wp\/v2\/tags?post=115632"}],"curies":[{"name":"wp","href":"https:\/\/api.w.org\/{rel}","templated":true}]}}