                       {"id":115634,"date":"2026-05-01T15:39:28","date_gmt":"2026-05-01T21:39:28","guid":{"rendered":"https:\/\/laultimapalabra.com.mx\/portal\/?p=115634"},"modified":"2026-05-01T15:39:28","modified_gmt":"2026-05-01T21:39:28","slug":"detienen-a-dos-hombres-por-tirar-basura-en-area-no-autorizada-de-cadereyta","status":"publish","type":"post","link":"https:\/\/laultimapalabra.com.mx\/portal\/detienen-a-dos-hombres-por-tirar-basura-en-area-no-autorizada-de-cadereyta\/","title":{"rendered":"Detienen a dos hombres por tirar basura en \u00e1rea no autorizada de Cadereyta"},"content":{"rendered":"<p>&nbsp;<\/p>\n<p>Cadereyta, N.L. \u2014 Elementos de la Polic\u00eda Municipal de Cadereyta detuvieron a dos hombres identificados como Jos\u00e9 Armando N. y Jos\u00e9 Eduardo N. luego de ser sorprendidos en flagrancia arrojando bolsas de basura en un \u00e1rea no autorizada de la colonia Valle del Roble.<\/p>\n<p>Los oficiales realizaban recorridos de prevenci\u00f3n y vigilancia cuando fueron alertados por una ciudadana, quien se\u00f1al\u00f3 a los sujetos en el momento en que comet\u00edan la acci\u00f3n.<\/p>\n<p><img loading=\"lazy\" decoding=\"async\" class=\"alignnone size-medium wp-image-115630\" src=\"https:\/\/laultimapalabra.com.mx\/portal\/wp-content\/uploads\/2026\/05\/WhatsApp-Image-2026-05-01-at-3.03.57-PM-225x300.jpeg\" alt=\"\" width=\"225\" height=\"300\" srcset=\"https:\/\/laultimapalabra.com.mx\/portal\/wp-content\/uploads\/2026\/05\/WhatsApp-Image-2026-05-01-at-3.03.57-PM-225x300.jpeg 225w, https:\/\/laultimapalabra.com.mx\/portal\/wp-content\/uploads\/2026\/05\/WhatsApp-Image-2026-05-01-at-3.03.57-PM-768x1024.jpeg 768w, https:\/\/laultimapalabra.com.mx\/portal\/wp-content\/uploads\/2026\/05\/WhatsApp-Image-2026-05-01-at-3.03.57-PM-1152x1536.jpeg 1152w, https:\/\/laultimapalabra.com.mx\/portal\/wp-content\/uploads\/2026\/05\/WhatsApp-Image-2026-05-01-at-3.03.57-PM.jpeg 1200w\" sizes=\"auto, (max-width: 225px) 100vw, 225px\" \/> <img loading=\"lazy\" decoding=\"async\" class=\"alignnone size-medium wp-image-115629\" src=\"https:\/\/laultimapalabra.com.mx\/portal\/wp-content\/uploads\/2026\/05\/WhatsApp-Image-2026-05-01-at-3.03.57-PM-1-213x300.jpeg\" alt=\"\" width=\"213\" height=\"300\" srcset=\"https:\/\/laultimapalabra.com.mx\/portal\/wp-content\/uploads\/2026\/05\/WhatsApp-Image-2026-05-01-at-3.03.57-PM-1-213x300.jpeg 213w, https:\/\/laultimapalabra.com.mx\/portal\/wp-content\/uploads\/2026\/05\/WhatsApp-Image-2026-05-01-at-3.03.57-PM-1-728x1024.jpeg 728w, https:\/\/laultimapalabra.com.mx\/portal\/wp-content\/uploads\/2026\/05\/WhatsApp-Image-2026-05-01-at-3.03.57-PM-1-768x1081.jpeg 768w, https:\/\/laultimapalabra.com.mx\/portal\/wp-content\/uploads\/2026\/05\/WhatsApp-Image-2026-05-01-at-3.03.57-PM-1.jpeg 899w\" sizes=\"auto, (max-width: 213px) 100vw, 213px\" \/> <img loading=\"lazy\" decoding=\"async\" class=\"alignnone size-medium wp-image-115628\" src=\"https:\/\/laultimapalabra.com.mx\/portal\/wp-content\/uploads\/2026\/05\/WhatsApp-Image-2026-05-01-at-3.03.57-PM-2-225x300.jpeg\" alt=\"\" width=\"225\" height=\"300\" srcset=\"https:\/\/laultimapalabra.com.mx\/portal\/wp-content\/uploads\/2026\/05\/WhatsApp-Image-2026-05-01-at-3.03.57-PM-2-225x300.jpeg 225w, https:\/\/laultimapalabra.com.mx\/portal\/wp-content\/uploads\/2026\/05\/WhatsApp-Image-2026-05-01-at-3.03.57-PM-2-768x1024.jpeg 768w, https:\/\/laultimapalabra.com.mx\/portal\/wp-content\/uploads\/2026\/05\/WhatsApp-Image-2026-05-01-at-3.03.57-PM-2-1152x1536.jpeg 1152w, https:\/\/laultimapalabra.com.mx\/portal\/wp-content\/uploads\/2026\/05\/WhatsApp-Image-2026-05-01-at-3.03.57-PM-2.jpeg 1200w\" sizes=\"auto, (max-width: 225px) 100vw, 225px\" \/> <img loading=\"lazy\" decoding=\"async\" class=\"alignnone size-medium wp-image-115627\" src=\"https:\/\/laultimapalabra.com.mx\/portal\/wp-content\/uploads\/2026\/05\/WhatsApp-Image-2026-05-01-at-3.03.57-PM-3-300x169.jpeg\" alt=\"\" width=\"300\" height=\"169\" srcset=\"https:\/\/laultimapalabra.com.mx\/portal\/wp-content\/uploads\/2026\/05\/WhatsApp-Image-2026-05-01-at-3.03.57-PM-3-300x169.jpeg 300w, https:\/\/laultimapalabra.com.mx\/portal\/wp-content\/uploads\/2026\/05\/WhatsApp-Image-2026-05-01-at-3.03.57-PM-3-1024x576.jpeg 1024w, https:\/\/laultimapalabra.com.mx\/portal\/wp-content\/uploads\/2026\/05\/WhatsApp-Image-2026-05-01-at-3.03.57-PM-3-768x432.jpeg 768w, https:\/\/laultimapalabra.com.mx\/portal\/wp-content\/uploads\/2026\/05\/WhatsApp-Image-2026-05-01-at-3.03.57-PM-3-1536x864.jpeg 1536w, https:\/\/laultimapalabra.com.mx\/portal\/wp-content\/uploads\/2026\/05\/WhatsApp-Image-2026-05-01-at-3.03.57-PM-3.jpeg 1599w\" sizes=\"auto, (max-width: 300px) 100vw, 300px\" \/> <img loading=\"lazy\" decoding=\"async\" class=\"alignnone size-medium wp-image-115626\" src=\"https:\/\/laultimapalabra.com.mx\/portal\/wp-content\/uploads\/2026\/05\/WhatsApp-Image-2026-05-01-at-3.03.57-PM-4-300x200.jpeg\" alt=\"\" width=\"300\" height=\"200\" srcset=\"https:\/\/laultimapalabra.com.mx\/portal\/wp-content\/uploads\/2026\/05\/WhatsApp-Image-2026-05-01-at-3.03.57-PM-4-300x200.jpeg 300w, https:\/\/laultimapalabra.com.mx\/portal\/wp-content\/uploads\/2026\/05\/WhatsApp-Image-2026-05-01-at-3.03.57-PM-4-1024x682.jpeg 1024w, https:\/\/laultimapalabra.com.mx\/portal\/wp-content\/uploads\/2026\/05\/WhatsApp-Image-2026-05-01-at-3.03.57-PM-4-768x512.jpeg 768w, https:\/\/laultimapalabra.com.mx\/portal\/wp-content\/uploads\/2026\/05\/WhatsApp-Image-2026-05-01-at-3.03.57-PM-4-1536x1023.jpeg 1536w, https:\/\/laultimapalabra.com.mx\/portal\/wp-content\/uploads\/2026\/05\/WhatsApp-Image-2026-05-01-at-3.03.57-PM-4.jpeg 1600w\" sizes=\"auto, (max-width: 300px) 100vw, 300px\" \/><\/p>\n<p>Las autoridades informaron que este tipo de conductas no ser\u00e1n toleradas y que la Polic\u00eda Municipal actuar\u00e1 conforme a la ley contra toda persona sorprendida tirando escombro o basura en espacios no permitidos.<\/p>\n<p>Los detenidos fueron puestos a disposici\u00f3n de la autoridad competente por su probable responsabilidad en delitos contra el medio ambiente.<\/p>\n<p>El municipio exhort\u00f3 a la ciudadan\u00eda a respetar la normativa vigente y a denunciar este tipo de actos para mantener limpios los espacios p\u00fablicos.<\/p>\n","protected":false},"excerpt":{"rendered":"<p>&nbsp; Cadereyta, N.L. \u2014 Elementos de la Polic\u00eda Municipal de Cadereyta detuvieron a dos hombres identificados como Jos\u00e9 Armando N. y Jos\u00e9 Eduardo N. luego de ser sorprendidos en flagrancia arrojando bolsas de basura en un \u00e1rea no autorizada de la colonia Valle del Roble. Los oficiales realizaban recorridos de prevenci\u00f3n y vigilancia cuando fueron [&hellip;]<\/p>\n","protected":false},"author":14,"featured_media":115626,"comment_status":"closed","ping_status":"closed","sticky":false,"template":"","format":"standard","meta":{"footnotes":""},"categories":[17],"tags":[],"class_list":["post-115634","post","type-post","status-publish","format-standard","has-post-thumbnail","hentry","category-locales-cadereyta"],"_links":{"self":[{"href":"https:\/\/laultimapalabra.com.mx\/portal\/wp-json\/wp\/v2\/posts\/115634","targetHints":{"allow":["GET"]}}],"collection":[{"href":"https:\/\/laultimapalabra.com.mx\/portal\/wp-json\/wp\/v2\/posts"}],"about":[{"href":"https:\/\/laultimapalabra.com.mx\/portal\/wp-json\/wp\/v2\/types\/post"}],"author":[{"embeddable":true,"href":"https:\/\/laultimapalabra.com.mx\/portal\/wp-json\/wp\/v2\/users\/14"}],"replies":[{"embeddable":true,"href":"https:\/\/laultimapalabra.com.mx\/portal\/wp-json\/wp\/v2\/comments?post=115634"}],"version-history":[{"count":1,"href":"https:\/\/laultimapalabra.com.mx\/portal\/wp-json\/wp\/v2\/posts\/115634\/revisions"}],"predecessor-version":[{"id":115635,"href":"https:\/\/laultimapalabra.com.mx\/portal\/wp-json\/wp\/v2\/posts\/115634\/revisions\/115635"}],"wp:featuredmedia":[{"embeddable":true,"href":"https:\/\/laultimapalabra.com.mx\/portal\/wp-json\/wp\/v2\/media\/115626"}],"wp:attachment":[{"href":"https:\/\/laultimapalabra.com.mx\/portal\/wp-json\/wp\/v2\/media?parent=115634"}],"wp:term":[{"taxonomy":"category","embeddable":true,"href":"https:\/\/laultimapalabra.com.mx\/portal\/wp-json\/wp\/v2\/categories?post=115634"},{"taxonomy":"post_tag","embeddable":true,"href":"https:\/\/laultimapalabra.com.mx\/portal\/wp-json\/wp\/v2\/tags?post=115634"}],"curies":[{"name":"wp","href":"https:\/\/api.w.org\/{rel}","templated":true}]}}