                       {"id":115636,"date":"2026-05-01T15:40:33","date_gmt":"2026-05-01T21:40:33","guid":{"rendered":"https:\/\/laultimapalabra.com.mx\/portal\/?p=115636"},"modified":"2026-05-01T15:40:33","modified_gmt":"2026-05-01T21:40:33","slug":"culminan-celebraciones-del-dia-del-nino-en-cadereyta","status":"publish","type":"post","link":"https:\/\/laultimapalabra.com.mx\/portal\/culminan-celebraciones-del-dia-del-nino-en-cadereyta\/","title":{"rendered":"Culminan celebraciones del D\u00eda del Ni\u00f1o en Cadereyta"},"content":{"rendered":"<p>&nbsp;<\/p>\n<p>Cadereyta, N.L. \u2014 Con la asistencia de m\u00e1s de 3,000 personas, el alcalde Carlos Rodr\u00edguez \u201cEl Cuate\u201d, acompa\u00f1ado de su esposa y presidenta del DIF Municipal, Aleida Montemayor, encabezaron el festejo del D\u00eda del Ni\u00f1o este 30 de abril en la Unidad Deportiva San Genaro.<\/p>\n<p>Ni\u00f1as y ni\u00f1os, junto a sus familias, disfrutaron de juegos mec\u00e1nicos, espect\u00e1culos, regalos y diversas actividades recreativas en un ambiente lleno de alegr\u00eda.<\/p>\n<p><img loading=\"lazy\" decoding=\"async\" class=\"alignnone size-medium wp-image-115620\" src=\"https:\/\/laultimapalabra.com.mx\/portal\/wp-content\/uploads\/2026\/05\/WhatsApp-Image-2026-05-01-at-3.20.59-PM-2-300x200.jpeg\" alt=\"\" width=\"300\" height=\"200\" srcset=\"https:\/\/laultimapalabra.com.mx\/portal\/wp-content\/uploads\/2026\/05\/WhatsApp-Image-2026-05-01-at-3.20.59-PM-2-300x200.jpeg 300w, https:\/\/laultimapalabra.com.mx\/portal\/wp-content\/uploads\/2026\/05\/WhatsApp-Image-2026-05-01-at-3.20.59-PM-2-1024x682.jpeg 1024w, https:\/\/laultimapalabra.com.mx\/portal\/wp-content\/uploads\/2026\/05\/WhatsApp-Image-2026-05-01-at-3.20.59-PM-2-768x512.jpeg 768w, https:\/\/laultimapalabra.com.mx\/portal\/wp-content\/uploads\/2026\/05\/WhatsApp-Image-2026-05-01-at-3.20.59-PM-2-1536x1023.jpeg 1536w, https:\/\/laultimapalabra.com.mx\/portal\/wp-content\/uploads\/2026\/05\/WhatsApp-Image-2026-05-01-at-3.20.59-PM-2.jpeg 1600w\" sizes=\"auto, (max-width: 300px) 100vw, 300px\" \/> <img loading=\"lazy\" decoding=\"async\" class=\"alignnone size-medium wp-image-115625\" src=\"https:\/\/laultimapalabra.com.mx\/portal\/wp-content\/uploads\/2026\/05\/WhatsApp-Image-2026-05-01-at-3.20.56-PM-300x200.jpeg\" alt=\"\" width=\"300\" height=\"200\" srcset=\"https:\/\/laultimapalabra.com.mx\/portal\/wp-content\/uploads\/2026\/05\/WhatsApp-Image-2026-05-01-at-3.20.56-PM-300x200.jpeg 300w, https:\/\/laultimapalabra.com.mx\/portal\/wp-content\/uploads\/2026\/05\/WhatsApp-Image-2026-05-01-at-3.20.56-PM-1024x682.jpeg 1024w, https:\/\/laultimapalabra.com.mx\/portal\/wp-content\/uploads\/2026\/05\/WhatsApp-Image-2026-05-01-at-3.20.56-PM-768x512.jpeg 768w, https:\/\/laultimapalabra.com.mx\/portal\/wp-content\/uploads\/2026\/05\/WhatsApp-Image-2026-05-01-at-3.20.56-PM-1536x1023.jpeg 1536w, https:\/\/laultimapalabra.com.mx\/portal\/wp-content\/uploads\/2026\/05\/WhatsApp-Image-2026-05-01-at-3.20.56-PM.jpeg 1600w\" sizes=\"auto, (max-width: 300px) 100vw, 300px\" \/> <img loading=\"lazy\" decoding=\"async\" class=\"alignnone size-medium wp-image-115624\" src=\"https:\/\/laultimapalabra.com.mx\/portal\/wp-content\/uploads\/2026\/05\/WhatsApp-Image-2026-05-01-at-3.20.57-PM-300x200.jpeg\" alt=\"\" width=\"300\" height=\"200\" srcset=\"https:\/\/laultimapalabra.com.mx\/portal\/wp-content\/uploads\/2026\/05\/WhatsApp-Image-2026-05-01-at-3.20.57-PM-300x200.jpeg 300w, https:\/\/laultimapalabra.com.mx\/portal\/wp-content\/uploads\/2026\/05\/WhatsApp-Image-2026-05-01-at-3.20.57-PM-1024x682.jpeg 1024w, https:\/\/laultimapalabra.com.mx\/portal\/wp-content\/uploads\/2026\/05\/WhatsApp-Image-2026-05-01-at-3.20.57-PM-768x512.jpeg 768w, https:\/\/laultimapalabra.com.mx\/portal\/wp-content\/uploads\/2026\/05\/WhatsApp-Image-2026-05-01-at-3.20.57-PM-1536x1023.jpeg 1536w, https:\/\/laultimapalabra.com.mx\/portal\/wp-content\/uploads\/2026\/05\/WhatsApp-Image-2026-05-01-at-3.20.57-PM.jpeg 1600w\" sizes=\"auto, (max-width: 300px) 100vw, 300px\" \/> <img loading=\"lazy\" decoding=\"async\" class=\"alignnone size-medium wp-image-115623\" src=\"https:\/\/laultimapalabra.com.mx\/portal\/wp-content\/uploads\/2026\/05\/WhatsApp-Image-2026-05-01-at-3.20.58-PM-300x200.jpeg\" alt=\"\" width=\"300\" height=\"200\" srcset=\"https:\/\/laultimapalabra.com.mx\/portal\/wp-content\/uploads\/2026\/05\/WhatsApp-Image-2026-05-01-at-3.20.58-PM-300x200.jpeg 300w, https:\/\/laultimapalabra.com.mx\/portal\/wp-content\/uploads\/2026\/05\/WhatsApp-Image-2026-05-01-at-3.20.58-PM-1024x682.jpeg 1024w, https:\/\/laultimapalabra.com.mx\/portal\/wp-content\/uploads\/2026\/05\/WhatsApp-Image-2026-05-01-at-3.20.58-PM-768x512.jpeg 768w, https:\/\/laultimapalabra.com.mx\/portal\/wp-content\/uploads\/2026\/05\/WhatsApp-Image-2026-05-01-at-3.20.58-PM-1536x1023.jpeg 1536w, https:\/\/laultimapalabra.com.mx\/portal\/wp-content\/uploads\/2026\/05\/WhatsApp-Image-2026-05-01-at-3.20.58-PM.jpeg 1600w\" sizes=\"auto, (max-width: 300px) 100vw, 300px\" \/> <img loading=\"lazy\" decoding=\"async\" class=\"alignnone size-medium wp-image-115622\" src=\"https:\/\/laultimapalabra.com.mx\/portal\/wp-content\/uploads\/2026\/05\/WhatsApp-Image-2026-05-01-at-3.20.59-PM-300x200.jpeg\" alt=\"\" width=\"300\" height=\"200\" srcset=\"https:\/\/laultimapalabra.com.mx\/portal\/wp-content\/uploads\/2026\/05\/WhatsApp-Image-2026-05-01-at-3.20.59-PM-300x200.jpeg 300w, https:\/\/laultimapalabra.com.mx\/portal\/wp-content\/uploads\/2026\/05\/WhatsApp-Image-2026-05-01-at-3.20.59-PM-1024x682.jpeg 1024w, https:\/\/laultimapalabra.com.mx\/portal\/wp-content\/uploads\/2026\/05\/WhatsApp-Image-2026-05-01-at-3.20.59-PM-768x512.jpeg 768w, https:\/\/laultimapalabra.com.mx\/portal\/wp-content\/uploads\/2026\/05\/WhatsApp-Image-2026-05-01-at-3.20.59-PM-1536x1023.jpeg 1536w, https:\/\/laultimapalabra.com.mx\/portal\/wp-content\/uploads\/2026\/05\/WhatsApp-Image-2026-05-01-at-3.20.59-PM.jpeg 1600w\" sizes=\"auto, (max-width: 300px) 100vw, 300px\" \/> <img loading=\"lazy\" decoding=\"async\" class=\"alignnone size-medium wp-image-115621\" src=\"https:\/\/laultimapalabra.com.mx\/portal\/wp-content\/uploads\/2026\/05\/WhatsApp-Image-2026-05-01-at-3.20.59-PM-1-300x200.jpeg\" alt=\"\" width=\"300\" height=\"200\" srcset=\"https:\/\/laultimapalabra.com.mx\/portal\/wp-content\/uploads\/2026\/05\/WhatsApp-Image-2026-05-01-at-3.20.59-PM-1-300x200.jpeg 300w, https:\/\/laultimapalabra.com.mx\/portal\/wp-content\/uploads\/2026\/05\/WhatsApp-Image-2026-05-01-at-3.20.59-PM-1-1024x682.jpeg 1024w, https:\/\/laultimapalabra.com.mx\/portal\/wp-content\/uploads\/2026\/05\/WhatsApp-Image-2026-05-01-at-3.20.59-PM-1-768x512.jpeg 768w, https:\/\/laultimapalabra.com.mx\/portal\/wp-content\/uploads\/2026\/05\/WhatsApp-Image-2026-05-01-at-3.20.59-PM-1-1536x1023.jpeg 1536w, https:\/\/laultimapalabra.com.mx\/portal\/wp-content\/uploads\/2026\/05\/WhatsApp-Image-2026-05-01-at-3.20.59-PM-1.jpeg 1600w\" sizes=\"auto, (max-width: 300px) 100vw, 300px\" \/> <img loading=\"lazy\" decoding=\"async\" class=\"alignnone size-medium wp-image-115619\" src=\"https:\/\/laultimapalabra.com.mx\/portal\/wp-content\/uploads\/2026\/05\/WhatsApp-Image-2026-05-01-at-3.20.59-PM-3-300x200.jpeg\" alt=\"\" width=\"300\" height=\"200\" srcset=\"https:\/\/laultimapalabra.com.mx\/portal\/wp-content\/uploads\/2026\/05\/WhatsApp-Image-2026-05-01-at-3.20.59-PM-3-300x200.jpeg 300w, https:\/\/laultimapalabra.com.mx\/portal\/wp-content\/uploads\/2026\/05\/WhatsApp-Image-2026-05-01-at-3.20.59-PM-3-1024x682.jpeg 1024w, https:\/\/laultimapalabra.com.mx\/portal\/wp-content\/uploads\/2026\/05\/WhatsApp-Image-2026-05-01-at-3.20.59-PM-3-768x512.jpeg 768w, https:\/\/laultimapalabra.com.mx\/portal\/wp-content\/uploads\/2026\/05\/WhatsApp-Image-2026-05-01-at-3.20.59-PM-3-1536x1023.jpeg 1536w, https:\/\/laultimapalabra.com.mx\/portal\/wp-content\/uploads\/2026\/05\/WhatsApp-Image-2026-05-01-at-3.20.59-PM-3.jpeg 1600w\" sizes=\"auto, (max-width: 300px) 100vw, 300px\" \/><\/p>\n<p>\u201cNuestra prioridad es que la ni\u00f1ez de Cadereyta crezca feliz y con oportunidades. Hoy celebramos a quienes son el coraz\u00f3n de nuestras familias\u201d, se\u00f1al\u00f3 el alcalde Rodr\u00edguez durante el evento.<\/p>\n<p>As\u00ed, entre juegos y momentos en familia, Cadereyta celebr\u00f3 en grande a su ni\u00f1ez en el d\u00eda m\u00e1s importante para ellas y ellos.<\/p>\n","protected":false},"excerpt":{"rendered":"<p>&nbsp; Cadereyta, N.L. \u2014 Con la asistencia de m\u00e1s de 3,000 personas, el alcalde Carlos Rodr\u00edguez \u201cEl Cuate\u201d, acompa\u00f1ado de su esposa y presidenta del DIF Municipal, Aleida Montemayor, encabezaron el festejo del D\u00eda del Ni\u00f1o este 30 de abril en la Unidad Deportiva San Genaro. Ni\u00f1as y ni\u00f1os, junto a sus familias, disfrutaron de [&hellip;]<\/p>\n","protected":false},"author":14,"featured_media":115623,"comment_status":"closed","ping_status":"closed","sticky":false,"template":"","format":"standard","meta":{"footnotes":""},"categories":[17],"tags":[],"class_list":["post-115636","post","type-post","status-publish","format-standard","has-post-thumbnail","hentry","category-locales-cadereyta"],"_links":{"self":[{"href":"https:\/\/laultimapalabra.com.mx\/portal\/wp-json\/wp\/v2\/posts\/115636","targetHints":{"allow":["GET"]}}],"collection":[{"href":"https:\/\/laultimapalabra.com.mx\/portal\/wp-json\/wp\/v2\/posts"}],"about":[{"href":"https:\/\/laultimapalabra.com.mx\/portal\/wp-json\/wp\/v2\/types\/post"}],"author":[{"embeddable":true,"href":"https:\/\/laultimapalabra.com.mx\/portal\/wp-json\/wp\/v2\/users\/14"}],"replies":[{"embeddable":true,"href":"https:\/\/laultimapalabra.com.mx\/portal\/wp-json\/wp\/v2\/comments?post=115636"}],"version-history":[{"count":1,"href":"https:\/\/laultimapalabra.com.mx\/portal\/wp-json\/wp\/v2\/posts\/115636\/revisions"}],"predecessor-version":[{"id":115637,"href":"https:\/\/laultimapalabra.com.mx\/portal\/wp-json\/wp\/v2\/posts\/115636\/revisions\/115637"}],"wp:featuredmedia":[{"embeddable":true,"href":"https:\/\/laultimapalabra.com.mx\/portal\/wp-json\/wp\/v2\/media\/115623"}],"wp:attachment":[{"href":"https:\/\/laultimapalabra.com.mx\/portal\/wp-json\/wp\/v2\/media?parent=115636"}],"wp:term":[{"taxonomy":"category","embeddable":true,"href":"https:\/\/laultimapalabra.com.mx\/portal\/wp-json\/wp\/v2\/categories?post=115636"},{"taxonomy":"post_tag","embeddable":true,"href":"https:\/\/laultimapalabra.com.mx\/portal\/wp-json\/wp\/v2\/tags?post=115636"}],"curies":[{"name":"wp","href":"https:\/\/api.w.org\/{rel}","templated":true}]}}