                       {"id":1158,"date":"2018-04-12T23:54:01","date_gmt":"2018-04-12T23:54:01","guid":{"rendered":"http:\/\/laultimapalabra.info\/?p=1158"},"modified":"2024-12-11T08:37:07","modified_gmt":"2024-12-11T14:37:07","slug":"se-inconforman-por-cierre-de-calle","status":"publish","type":"post","link":"https:\/\/laultimapalabra.com.mx\/portal\/se-inconforman-por-cierre-de-calle\/","title":{"rendered":"Se inconforman por cierre de calle"},"content":{"rendered":"<p style=\"text-align: justify;\"><img loading=\"lazy\" decoding=\"async\" class=\"size-medium wp-image-1159 alignleft\" src=\"https:\/\/laultimapalabra.com.mx\/portal\/wp-content\/uploads\/2018\/04\/WhatsApp-Image-2018-04-12-at-11.37.44-1-300x169.jpeg\" alt=\"\" width=\"300\" height=\"169\" \/>Miguel Oscar P\u00e9rez<br \/>\nCADEREYTA JIM\u00c9NEZ, N.L.- Vecinos de la colonia Jardines de Cadereyta, segundo sector mostraron su rechazo al cierre de una calle en un fraccionamiento nuevo llamado Santa Liliana, donde se les impide el paso por una v\u00eda de libre tr\u00e1nsito.<br \/>\nEl lugar del conflicto queda entre las calles de Peral y Membrillo de Jardines de Cadereyta, donde se cerr\u00f3 la v\u00eda que utilizan los vecinos para ir a las escuelas que se encuentran del otro lado del fraccionamiento Santa Liliana.<br \/>\nAseguran que aunque el alcalde par\u00f3 la obra del cierre de la calle, no han recibido una respuesta total a la problem\u00e1tica que est\u00e1n viviendo.<br \/>\n\u201cEsta es la pasada para la escuela el k\u00ednder, la secundaria, el Seguro, no tenemos que rodear tanto, sino tenemos que pasar a los ni\u00f1os por el arroyo que cuando llueve no est\u00e1 accesible y aunque no llueva est\u00e1 crecida la hierba, no hay pasada\u201d, dijo una de las madres inconformes.<br \/>\nMencion\u00f3 otra madre de familia que han recibido agresiones de parte de los habitantes de Santa Liliana, por el simple hecho de pasar por la calle y aseguran que les han dicho \u201cgente corriente\u201d.<br \/>\nTambi\u00e9n los ni\u00f1os que cruzan por el lugar han sido regresados por los residentes de Santa Liliana para que no crucen para sus escuelas, cuando es una calle de libre tr\u00e1nsito.<br \/>\nPor otra parte, algunos sospechan que alg\u00fan particular podr\u00eda estar siendo beneficiado, ya que est\u00e1n construyendo un sal\u00f3n en el lugar y al tapar la calle se le formar\u00eda un estacionamiento, con el sacrificio de vecinos de Jardines de Cadereyta segundo sector.<\/p>\n","protected":false},"excerpt":{"rendered":"<p>Miguel Oscar P\u00e9rez CADEREYTA JIM\u00c9NEZ, N.L.- Vecinos de la colonia Jardines de Cadereyta, segundo sector mostraron su rechazo al cierre de una calle en un fraccionamiento nuevo llamado Santa Liliana, donde se les impide el paso por una v\u00eda de libre tr\u00e1nsito. El lugar del conflicto queda entre las calles de Peral y Membrillo de [&hellip;]<\/p>\n","protected":false},"author":9,"featured_media":1160,"comment_status":"open","ping_status":"closed","sticky":false,"template":"","format":"standard","meta":{"footnotes":""},"categories":[17],"tags":[1320],"class_list":["post-1158","post","type-post","status-publish","format-standard","has-post-thumbnail","hentry","category-locales-cadereyta","tag-jardines-de-cadereyta"],"_links":{"self":[{"href":"https:\/\/laultimapalabra.com.mx\/portal\/wp-json\/wp\/v2\/posts\/1158","targetHints":{"allow":["GET"]}}],"collection":[{"href":"https:\/\/laultimapalabra.com.mx\/portal\/wp-json\/wp\/v2\/posts"}],"about":[{"href":"https:\/\/laultimapalabra.com.mx\/portal\/wp-json\/wp\/v2\/types\/post"}],"author":[{"embeddable":true,"href":"https:\/\/laultimapalabra.com.mx\/portal\/wp-json\/wp\/v2\/users\/9"}],"replies":[{"embeddable":true,"href":"https:\/\/laultimapalabra.com.mx\/portal\/wp-json\/wp\/v2\/comments?post=1158"}],"version-history":[{"count":1,"href":"https:\/\/laultimapalabra.com.mx\/portal\/wp-json\/wp\/v2\/posts\/1158\/revisions"}],"predecessor-version":[{"id":63631,"href":"https:\/\/laultimapalabra.com.mx\/portal\/wp-json\/wp\/v2\/posts\/1158\/revisions\/63631"}],"wp:featuredmedia":[{"embeddable":true,"href":"https:\/\/laultimapalabra.com.mx\/portal\/wp-json\/"}],"wp:attachment":[{"href":"https:\/\/laultimapalabra.com.mx\/portal\/wp-json\/wp\/v2\/media?parent=1158"}],"wp:term":[{"taxonomy":"category","embeddable":true,"href":"https:\/\/laultimapalabra.com.mx\/portal\/wp-json\/wp\/v2\/categories?post=1158"},{"taxonomy":"post_tag","embeddable":true,"href":"https:\/\/laultimapalabra.com.mx\/portal\/wp-json\/wp\/v2\/tags?post=1158"}],"curies":[{"name":"wp","href":"https:\/\/api.w.org\/{rel}","templated":true}]}}