                       {"id":1167,"date":"2018-04-13T00:17:45","date_gmt":"2018-04-13T00:17:45","guid":{"rendered":"http:\/\/laultimapalabra.info\/?p=1167"},"modified":"2024-12-11T08:37:07","modified_gmt":"2024-12-11T14:37:07","slug":"funda-sabas-asociacion-contra-cancer-de-mama","status":"publish","type":"post","link":"https:\/\/laultimapalabra.com.mx\/portal\/funda-sabas-asociacion-contra-cancer-de-mama\/","title":{"rendered":"Funda Sab\u00e1s asociaci\u00f3n contra c\u00e1ncer de mama"},"content":{"rendered":"<p style=\"text-align: justify;\"><img loading=\"lazy\" decoding=\"async\" class=\"size-medium wp-image-1168 alignleft\" src=\"https:\/\/laultimapalabra.com.mx\/portal\/wp-content\/uploads\/2018\/04\/1-4-225x300.jpg\" alt=\"\" width=\"225\" height=\"300\" \/>*De programa social, pasa a ser fundaci\u00f3n para beneficio de las mujeres jimenenses con equipo y estudios profesionales gratuitos<\/p>\n<p style=\"text-align: justify;\">CADEREYTA JIM\u00c9NEZ, N.L.- El pasado 24 de marzo del presente, se fund\u00f3 en forma hist\u00f3rica \u201cSalvemos a Cadereyta de C\u00e1ncer de Mama, A.C.\u201d.<br \/>\nLa presentaci\u00f3n de la noble asociaci\u00f3n presidida por el doctor Sab\u00e1s Ren\u00e9 Tamez P\u00e9rez, fue ante un grupo de invitados en un centro de eventos, el pasado 24 de marzo y que tiene la finalidad de prevenir, detectar y dar el tratamiento a quien resulte positivo con c\u00e1ncer de mama, hasta su conclusi\u00f3n.<br \/>\nDicha asociaci\u00f3n est\u00e1 conformada por el doctor Sab\u00e1s como presidente y la maestra Claudia Gallegos como secretaria y Jhonny Salda\u00f1a, como tesorero.<br \/>\nLa misma asociaci\u00f3n est\u00e1 enriquecida con colaboradoras que han tenido que enfrentar el c\u00e1ncer de mama y han sobrevivido, adem\u00e1s de otros voluntarios que lo han sufrido indirectamente al ser afectados algunos de sus seres queridos.<br \/>\n<img loading=\"lazy\" decoding=\"async\" class=\"size-medium wp-image-1170 alignright\" src=\"https:\/\/laultimapalabra.com.mx\/portal\/wp-content\/uploads\/2018\/04\/3-1-300x225.jpg\" alt=\"\" width=\"300\" height=\"225\" \/>La finalidad de Salvemos Cadereyta de C\u00e1ncer de Mama, AC, es llegar a todas las mujeres jimenenses para que se practiquen gratuitamente una mastograf\u00eda en la UEM y as\u00ed poder descartar o descubrir alguna tumoraci\u00f3n que pudiera ser sospechosa de c\u00e1ncer de seno.<br \/>\nSi alguna mujer se le detecta solo pagar\u00eda un estudio de menos de mil pesos, y de comprobarse que es una tumoraci\u00f3n maligna, se les dar\u00e1 cirug\u00eda, y tratamiento hasta su conclusi\u00f3n, incluso hasta la reconstrucci\u00f3n.<br \/>\nAmplio sector de la poblaci\u00f3n aplaudi\u00f3 el nacimiento de la asociaci\u00f3n civil que llevar ese reto de combatir a una de las principales causas de muerte en las mujeres.<\/p>\n","protected":false},"excerpt":{"rendered":"<p>*De programa social, pasa a ser fundaci\u00f3n para beneficio de las mujeres jimenenses con equipo y estudios profesionales gratuitos CADEREYTA JIM\u00c9NEZ, N.L.- El pasado 24 de marzo del presente, se fund\u00f3 en forma hist\u00f3rica \u201cSalvemos a Cadereyta de C\u00e1ncer de Mama, A.C.\u201d. La presentaci\u00f3n de la noble asociaci\u00f3n presidida por el doctor Sab\u00e1s Ren\u00e9 Tamez [&hellip;]<\/p>\n","protected":false},"author":9,"featured_media":1169,"comment_status":"open","ping_status":"closed","sticky":false,"template":"","format":"standard","meta":{"footnotes":""},"categories":[17],"tags":[2339,37,880],"class_list":["post-1167","post","type-post","status-publish","format-standard","has-post-thumbnail","hentry","category-locales-cadereyta","tag-salvemos-a-cadereyta-de-cancer-de-mama","tag-a-c","tag-dr-sabas-tamez"],"_links":{"self":[{"href":"https:\/\/laultimapalabra.com.mx\/portal\/wp-json\/wp\/v2\/posts\/1167","targetHints":{"allow":["GET"]}}],"collection":[{"href":"https:\/\/laultimapalabra.com.mx\/portal\/wp-json\/wp\/v2\/posts"}],"about":[{"href":"https:\/\/laultimapalabra.com.mx\/portal\/wp-json\/wp\/v2\/types\/post"}],"author":[{"embeddable":true,"href":"https:\/\/laultimapalabra.com.mx\/portal\/wp-json\/wp\/v2\/users\/9"}],"replies":[{"embeddable":true,"href":"https:\/\/laultimapalabra.com.mx\/portal\/wp-json\/wp\/v2\/comments?post=1167"}],"version-history":[{"count":1,"href":"https:\/\/laultimapalabra.com.mx\/portal\/wp-json\/wp\/v2\/posts\/1167\/revisions"}],"predecessor-version":[{"id":63635,"href":"https:\/\/laultimapalabra.com.mx\/portal\/wp-json\/wp\/v2\/posts\/1167\/revisions\/63635"}],"wp:featuredmedia":[{"embeddable":true,"href":"https:\/\/laultimapalabra.com.mx\/portal\/wp-json\/"}],"wp:attachment":[{"href":"https:\/\/laultimapalabra.com.mx\/portal\/wp-json\/wp\/v2\/media?parent=1167"}],"wp:term":[{"taxonomy":"category","embeddable":true,"href":"https:\/\/laultimapalabra.com.mx\/portal\/wp-json\/wp\/v2\/categories?post=1167"},{"taxonomy":"post_tag","embeddable":true,"href":"https:\/\/laultimapalabra.com.mx\/portal\/wp-json\/wp\/v2\/tags?post=1167"}],"curies":[{"name":"wp","href":"https:\/\/api.w.org\/{rel}","templated":true}]}}