                       {"id":11712,"date":"2019-11-27T17:16:49","date_gmt":"2019-11-27T23:16:49","guid":{"rendered":"http:\/\/laultimapalabra.info\/?p=11712"},"modified":"2024-12-11T08:59:36","modified_gmt":"2024-12-11T14:59:36","slug":"11712","status":"publish","type":"post","link":"https:\/\/laultimapalabra.com.mx\/portal\/11712\/","title":{"rendered":"Acusan que AMLO quiere controlar INE"},"content":{"rendered":"<p style=\"text-align: justify;\"><img loading=\"lazy\" decoding=\"async\" class=\"size-medium wp-image-11713 alignleft\" src=\"https:\/\/laultimapalabra.com.mx\/portal\/wp-content\/uploads\/2019\/11\/8473962-300x200.jpg\" alt=\"\" width=\"300\" height=\"200\" \/>Cd. de M\u00e9xico (27 noviembre 2019).- Las dirigencias del PAN y PRD acusaron que la iniciativa que impulsa Morena en la C\u00e1mara de Diputados para remover de la presidencia del INE a Lorenzo C\u00f3rdova pretende que el Gobierno controle al \u00e1rbitro electoral.<\/p>\n<p style=\"text-align: justify;\">En entrevistas por separado, el panista Marko Cort\u00e9s y el perredista \u00c1ngel \u00c1vila anunciaron que &#8220;cerrar\u00e1n filas&#8221; para defender a C\u00f3rdova.<\/p>\n<p style=\"text-align: justify;\">&#8220;Est\u00e1n buscando controlar al INE. Claramente la intenci\u00f3n de Morena y del Gobierno es controlar al \u00e1rbitro electoral y eso es inaceptable en una democracia. Quieren regresar a los tiempos en donde el INE depend\u00eda del Gobierno y era la Secretar\u00eda de Gobernaci\u00f3n la que lo controlaba, estamos ante el m\u00e1s viejo PRI&#8221;, defini\u00f3 Cort\u00e9s.<\/p>\n<p style=\"text-align: justify;\">El l\u00edder del blanquiazul advirti\u00f3 que es evidente que, con la iniciativa de Morena, hay un proceso constante de generar control de poder y de desmantelar las instituciones.<\/p>\n<p style=\"text-align: justify;\">&#8220;Un proceso autoritario de concentraci\u00f3n pol\u00edtica tanto de poder como econ\u00f3mica&#8221;, se\u00f1al\u00f3.<\/p>\n<p style=\"text-align: justify;\">&#8220;A Morena y al Presidente queda clar\u00edsimo que no les gustan los contrapesos, no les gustan los equilibrios, que en toda democracia son indispensables. En M\u00e9xico tenemos instituciones imperfectas, pero las tenemos, nos han costado muchos a\u00f1os, luchas y esfuerzos y en lo que va de este Gobierno vemos que compraron diputados para tener mayor\u00eda en la C\u00e1mara de Diputados, as\u00ed de grave&#8221;.<\/p>\n<p style=\"text-align: justify;\">Acci\u00f3n Nacional, adelant\u00f3 su dirigente, buscar\u00e1 contener cualquier tipo de reforma en el Congreso que vaya en detrimento del INE.<\/p>\n<p style=\"text-align: justify;\">&#8220;Esperamos que la oposici\u00f3n en el Senado y en la C\u00e1mara de Diputados no sea coptable en un tema tan relevante, tan importante, como es darle estabilidad, seriedad e imparcialidad al \u00e1rbitro electoral&#8221;, a\u00f1adi\u00f3.<\/p>\n<p style=\"text-align: justify;\">El perredista \u00c1ngel \u00c1vila consider\u00f3 que el intento de Morena en San L\u00e1zaro es condenable.<\/p>\n<p style=\"text-align: justify;\">&#8220;Una visi\u00f3n de querer agandallarse, de querer controlar los organismos aut\u00f3nomos, especialmente el INE&#8221;, dijo.<\/p>\n<p style=\"text-align: justify;\">&#8220;Hoy que ellos ya lograron atracar la presidencia de la CNDH, su siguiente paso es controlar al \u00e1rbitro electoral, tener el control de las elecciones para que en 2021 puedan ellos llevar a cabo, desde el Gobierno, una acci\u00f3n electoral de grandes proporciones a trav\u00e9s de los servidores de la Naci\u00f3n&#8221;.<\/p>\n<p style=\"text-align: justify;\">Para el dirigente del sol azteca, Morena y el Presidente Andr\u00e9s Manuel L\u00f3pez Obrador quieren apropiarse del \u00e1rbitro para controlar, consecuentemente, todo el proceso electoral.<\/p>\n<p style=\"text-align: justify;\">&#8220;(La iniciativa) est\u00e1 claramente dise\u00f1ada desde el Palacio Nacional: la mano del Presidente L\u00f3pez Obrador est\u00e1 detr\u00e1s de esta revancha en contra del INE y de su presidente Lorenzo C\u00f3rdova, que ha defendido la autonom\u00eda&#8221;, asever\u00f3.<\/p>\n<p style=\"text-align: justify;\">&#8220;En este caso, el PRD va a cerrar filas en defensa la presidencia del INE y de un organismo tan importante para la vida nacional. Nosotros vamos a cerrar filas con Lorenzo C\u00f3rdova&#8221;.<\/p>\n<p style=\"text-align: justify;\">fuente: EL NORTE<\/p>\n","protected":false},"excerpt":{"rendered":"<p>Cd. de M\u00e9xico (27 noviembre 2019).- Las dirigencias del PAN y PRD acusaron que la iniciativa que impulsa Morena en la C\u00e1mara de Diputados para remover de la presidencia del INE a Lorenzo C\u00f3rdova pretende que el Gobierno controle al \u00e1rbitro electoral. En entrevistas por separado, el panista Marko Cort\u00e9s y el perredista \u00c1ngel \u00c1vila [&hellip;]<\/p>\n","protected":false},"author":9,"featured_media":11713,"comment_status":"open","ping_status":"closed","sticky":false,"template":"","format":"standard","meta":{"footnotes":""},"categories":[19],"tags":[124,1269],"class_list":["post-11712","post","type-post","status-publish","format-standard","has-post-thumbnail","hentry","category-nacional","tag-amlo","tag-ine"],"_links":{"self":[{"href":"https:\/\/laultimapalabra.com.mx\/portal\/wp-json\/wp\/v2\/posts\/11712","targetHints":{"allow":["GET"]}}],"collection":[{"href":"https:\/\/laultimapalabra.com.mx\/portal\/wp-json\/wp\/v2\/posts"}],"about":[{"href":"https:\/\/laultimapalabra.com.mx\/portal\/wp-json\/wp\/v2\/types\/post"}],"author":[{"embeddable":true,"href":"https:\/\/laultimapalabra.com.mx\/portal\/wp-json\/wp\/v2\/users\/9"}],"replies":[{"embeddable":true,"href":"https:\/\/laultimapalabra.com.mx\/portal\/wp-json\/wp\/v2\/comments?post=11712"}],"version-history":[{"count":1,"href":"https:\/\/laultimapalabra.com.mx\/portal\/wp-json\/wp\/v2\/posts\/11712\/revisions"}],"predecessor-version":[{"id":69160,"href":"https:\/\/laultimapalabra.com.mx\/portal\/wp-json\/wp\/v2\/posts\/11712\/revisions\/69160"}],"wp:featuredmedia":[{"embeddable":true,"href":"https:\/\/laultimapalabra.com.mx\/portal\/wp-json\/"}],"wp:attachment":[{"href":"https:\/\/laultimapalabra.com.mx\/portal\/wp-json\/wp\/v2\/media?parent=11712"}],"wp:term":[{"taxonomy":"category","embeddable":true,"href":"https:\/\/laultimapalabra.com.mx\/portal\/wp-json\/wp\/v2\/categories?post=11712"},{"taxonomy":"post_tag","embeddable":true,"href":"https:\/\/laultimapalabra.com.mx\/portal\/wp-json\/wp\/v2\/tags?post=11712"}],"curies":[{"name":"wp","href":"https:\/\/api.w.org\/{rel}","templated":true}]}}