                       {"id":1172,"date":"2018-04-13T00:23:28","date_gmt":"2018-04-13T00:23:28","guid":{"rendered":"http:\/\/laultimapalabra.info\/?p=1172"},"modified":"2024-12-11T08:37:07","modified_gmt":"2024-12-11T14:37:07","slug":"va-cecy-de-la-paz-por-el-23-lalo-leal-por-el-distrito-26","status":"publish","type":"post","link":"https:\/\/laultimapalabra.com.mx\/portal\/va-cecy-de-la-paz-por-el-23-lalo-leal-por-el-distrito-26\/","title":{"rendered":"Va Cecy de la Paz por el 23 Lalo Leal por el distrito 26"},"content":{"rendered":"<p style=\"text-align: justify;\"><img loading=\"lazy\" decoding=\"async\" class=\"size-medium wp-image-1173 alignleft\" src=\"https:\/\/laultimapalabra.com.mx\/portal\/wp-content\/uploads\/2018\/04\/DSCN8592-300x225.jpg\" alt=\"\" width=\"300\" height=\"225\" \/>Miguel Oscar P\u00e9rez<br \/>\nCADEREYTA JIM\u00c9NEZ, N.L.- En un cambio repentino de candidaturas, designan a Cecilia Maricela de la Paz Ibarra como la candidata por el Partido Acci\u00f3n Nacional para la diputaci\u00f3n local por el Distrito XXIII, mientras que Eduardo Leal Buenfil fue reacomodado por el Distrito 26 local que corresponde a varios municipios del sur del estado, adem\u00e1s de Santiago y Allende.<br \/>\nAyer jueves durante sesi\u00f3n de cabildo, en asuntos generales, ambos pidieron licencia sin goce de sueldo del 29 de abril al dos de julio, al d\u00eda de inicio de campa\u00f1as locales y un d\u00eda despu\u00e9s de las elecciones.<br \/>\nEn forma separada se pidi\u00f3 la aprobaci\u00f3n de las dos licencias al cabildo que dio su aval por unanimidad, para que ambos panistas tuvieran la licencia y pudieran competir<br \/>\nSer\u00e1n casi dos meses en que ocupen su lugar en el cabildo de Eduardo Leal Buenfil, lo suplir\u00e1 su pap\u00e1 Eduardo Leal Mubarqui; a Cecilia de la Paz la suplir\u00e1 Ang\u00e9lica Garza Gonz\u00e1lez, en el periodo que estar\u00e1n en campa\u00f1a.<br \/>\nTrascendi\u00f3 que Eduardo Leal Buenfil, ahora primer regidor con licencia, hab\u00eda sido registrado para el distrito 23 que corresponde a Cadereyta con anterioridad, pero el pasado mi\u00e9rcoles cuatro de abril se hizo el cambio ante la Comisi\u00f3n Estatal Electoral y Acci\u00f3n Nacional registr\u00f3 a De la Paz Ibarra para este distrito que corresponde a Cadereyta, parte nororiente de Ju\u00e1rez, Los Ramones, Dr. Gonz\u00e1lez, Mar\u00edn y Pesquer\u00eda.<\/p>\n","protected":false},"excerpt":{"rendered":"<p>Miguel Oscar P\u00e9rez CADEREYTA JIM\u00c9NEZ, N.L.- En un cambio repentino de candidaturas, designan a Cecilia Maricela de la Paz Ibarra como la candidata por el Partido Acci\u00f3n Nacional para la diputaci\u00f3n local por el Distrito XXIII, mientras que Eduardo Leal Buenfil fue reacomodado por el Distrito 26 local que corresponde a varios municipios del sur [&hellip;]<\/p>\n","protected":false},"author":9,"featured_media":1174,"comment_status":"open","ping_status":"closed","sticky":false,"template":"","format":"standard","meta":{"footnotes":""},"categories":[17],"tags":[510,905],"class_list":["post-1172","post","type-post","status-publish","format-standard","has-post-thumbnail","hentry","category-locales-cadereyta","tag-cecilia-de-la-paz","tag-eduardo-leal-buenfil"],"_links":{"self":[{"href":"https:\/\/laultimapalabra.com.mx\/portal\/wp-json\/wp\/v2\/posts\/1172","targetHints":{"allow":["GET"]}}],"collection":[{"href":"https:\/\/laultimapalabra.com.mx\/portal\/wp-json\/wp\/v2\/posts"}],"about":[{"href":"https:\/\/laultimapalabra.com.mx\/portal\/wp-json\/wp\/v2\/types\/post"}],"author":[{"embeddable":true,"href":"https:\/\/laultimapalabra.com.mx\/portal\/wp-json\/wp\/v2\/users\/9"}],"replies":[{"embeddable":true,"href":"https:\/\/laultimapalabra.com.mx\/portal\/wp-json\/wp\/v2\/comments?post=1172"}],"version-history":[{"count":1,"href":"https:\/\/laultimapalabra.com.mx\/portal\/wp-json\/wp\/v2\/posts\/1172\/revisions"}],"predecessor-version":[{"id":63637,"href":"https:\/\/laultimapalabra.com.mx\/portal\/wp-json\/wp\/v2\/posts\/1172\/revisions\/63637"}],"wp:featuredmedia":[{"embeddable":true,"href":"https:\/\/laultimapalabra.com.mx\/portal\/wp-json\/"}],"wp:attachment":[{"href":"https:\/\/laultimapalabra.com.mx\/portal\/wp-json\/wp\/v2\/media?parent=1172"}],"wp:term":[{"taxonomy":"category","embeddable":true,"href":"https:\/\/laultimapalabra.com.mx\/portal\/wp-json\/wp\/v2\/categories?post=1172"},{"taxonomy":"post_tag","embeddable":true,"href":"https:\/\/laultimapalabra.com.mx\/portal\/wp-json\/wp\/v2\/tags?post=1172"}],"curies":[{"name":"wp","href":"https:\/\/api.w.org\/{rel}","templated":true}]}}