                       {"id":11748,"date":"2019-11-28T17:19:09","date_gmt":"2019-11-28T23:19:09","guid":{"rendered":"http:\/\/laultimapalabra.info\/?p=11748"},"modified":"2024-12-11T10:00:42","modified_gmt":"2024-12-11T16:00:42","slug":"consigue-jimenense-ir-a-chicago-tras-resultar-sub-campeon-de-torneo-nacional-de-kick-boxing","status":"publish","type":"post","link":"https:\/\/laultimapalabra.com.mx\/portal\/consigue-jimenense-ir-a-chicago-tras-resultar-sub-campeon-de-torneo-nacional-de-kick-boxing\/","title":{"rendered":"Consigue jimenense ir a Chicago tras resultar sub campeon de torneo nacional de Kick Boxing"},"content":{"rendered":"<p style=\"text-align: justify;\"><img loading=\"lazy\" decoding=\"async\" class=\"size-medium wp-image-11749 alignleft\" src=\"https:\/\/laultimapalabra.com.mx\/portal\/wp-content\/uploads\/2019\/11\/WhatsApp-Image-2019-11-28-at-12.28.35-PM-300x169.jpeg\" alt=\"\" width=\"300\" height=\"169\" \/>Cadereyta Jim\u00e9nez, N. L.- Los j\u00f3venes jimenenses siguen llenado de orgullo a esta ciudad, como muestra el adolescente Cristian Jes\u00fas Cort\u00e1zar Morales de 15 a\u00f1os de edad, habitante de la colonia Emiliano Zapata y quien viajar\u00e1 a la ciudad de Chicago tras haber resultado sub campe\u00f3n en el Torneo Nacional de Kick Boxing con la selecci\u00f3n de Nuevo Le\u00f3n.<br \/>\nEn dicho viaje realizar\u00e1 una preparaci\u00f3n en sumisi\u00f3n (llaves en el piso) con la cual espera seguirse especializando en estas artes de contacto, \u00a1Much\u00edsimas felicidades para \u00e9l y su familia por la disciplina y esfuerzo!<\/p>\n","protected":false},"excerpt":{"rendered":"<p>Cadereyta Jim\u00e9nez, N. L.- Los j\u00f3venes jimenenses siguen llenado de orgullo a esta ciudad, como muestra el adolescente Cristian Jes\u00fas Cort\u00e1zar Morales de 15 a\u00f1os de edad, habitante de la colonia Emiliano Zapata y quien viajar\u00e1 a la ciudad de Chicago tras haber resultado sub campe\u00f3n en el Torneo Nacional de Kick Boxing con la [&hellip;]<\/p>\n","protected":false},"author":9,"featured_media":11750,"comment_status":"open","ping_status":"closed","sticky":false,"template":"","format":"standard","meta":{"footnotes":""},"categories":[1],"tags":[725],"class_list":["post-11748","post","type-post","status-publish","format-standard","has-post-thumbnail","hentry","category-noticias","tag-cristian-jesus-cortazar-morales"],"_links":{"self":[{"href":"https:\/\/laultimapalabra.com.mx\/portal\/wp-json\/wp\/v2\/posts\/11748","targetHints":{"allow":["GET"]}}],"collection":[{"href":"https:\/\/laultimapalabra.com.mx\/portal\/wp-json\/wp\/v2\/posts"}],"about":[{"href":"https:\/\/laultimapalabra.com.mx\/portal\/wp-json\/wp\/v2\/types\/post"}],"author":[{"embeddable":true,"href":"https:\/\/laultimapalabra.com.mx\/portal\/wp-json\/wp\/v2\/users\/9"}],"replies":[{"embeddable":true,"href":"https:\/\/laultimapalabra.com.mx\/portal\/wp-json\/wp\/v2\/comments?post=11748"}],"version-history":[{"count":1,"href":"https:\/\/laultimapalabra.com.mx\/portal\/wp-json\/wp\/v2\/posts\/11748\/revisions"}],"predecessor-version":[{"id":69199,"href":"https:\/\/laultimapalabra.com.mx\/portal\/wp-json\/wp\/v2\/posts\/11748\/revisions\/69199"}],"wp:featuredmedia":[{"embeddable":true,"href":"https:\/\/laultimapalabra.com.mx\/portal\/wp-json\/"}],"wp:attachment":[{"href":"https:\/\/laultimapalabra.com.mx\/portal\/wp-json\/wp\/v2\/media?parent=11748"}],"wp:term":[{"taxonomy":"category","embeddable":true,"href":"https:\/\/laultimapalabra.com.mx\/portal\/wp-json\/wp\/v2\/categories?post=11748"},{"taxonomy":"post_tag","embeddable":true,"href":"https:\/\/laultimapalabra.com.mx\/portal\/wp-json\/wp\/v2\/tags?post=11748"}],"curies":[{"name":"wp","href":"https:\/\/api.w.org\/{rel}","templated":true}]}}