                       {"id":11785,"date":"2019-11-28T18:26:34","date_gmt":"2019-11-29T00:26:34","guid":{"rendered":"http:\/\/laultimapalabra.info\/?p=11785"},"modified":"2024-12-11T10:00:43","modified_gmt":"2024-12-11T16:00:43","slug":"usted-tiene-la-ultima-palabra-89","status":"publish","type":"post","link":"https:\/\/laultimapalabra.com.mx\/portal\/usted-tiene-la-ultima-palabra-89\/","title":{"rendered":"Usted tiene&#8230;La \u00daltima Palabra"},"content":{"rendered":"<p style=\"text-align: justify;\"><strong><img loading=\"lazy\" decoding=\"async\" class=\"size-medium wp-image-390 alignleft\" src=\"https:\/\/laultimapalabra.com.mx\/portal\/wp-content\/uploads\/2018\/02\/28169846_1705449459476714_78449556_o-203x300.jpg\" alt=\"\" width=\"203\" height=\"300\" \/>Ni una pluma<\/strong><\/p>\n<p style=\"text-align: justify;\">Por: Ing. Jes\u00fas Herrera R\u00e1bago<\/p>\n<p style=\"text-align: justify;\">\u201cHace un a\u00f1o que yo tuve una ilusi\u00f3n, hace un a\u00f1o que hoy se cumple en este d\u00eda\u201d, dice la letra que populariz\u00f3 Antonio Aguilar. Y muy bien queda la frase para este domingo 1 de diciembre que se celebra el primer a\u00f1o del Gobierno de Andr\u00e9s Manuel L\u00f3pez Obrador.<br \/>\nEs innegable que en el fondo los treinta millones de mexicanos que votaron por \u00e9l, en el albergaban la ilusi\u00f3n de ver un cambio, quiz\u00e1 algunos no estaban del todo convencidos por la persona y ejercieron su voto a favor de \u00e9l, por coraje o hartazgo contra los otros partidos, pero en \u00faltima instancia llevaba la manifestaci\u00f3n de un cambio.<br \/>\nA un a\u00f1o, es dif\u00edcil realizar una evaluaci\u00f3n del Gobierno en turno, pues solo representa un diecis\u00e9is por ciento del tiempo que durar\u00e1 la administraci\u00f3n, y obvio que el primer a\u00f1o es de acomodo, de planeaci\u00f3n y sentar las bases para los restantes cinco.<br \/>\nAun as\u00ed, es obvio que las evaluaciones se har\u00e1n, y el resultado que presenten depender\u00e1 de los criterios que usen para hacerla. Por lo tanto habr\u00e1 opiniones de \u201ctodos colores y de todos sabores\u201d, desde las que van de un extremo positivo y triunfalista, hasta los que van al dramatismo de presentar una visi\u00f3n fatalista.<br \/>\nQuiz\u00e1 un par\u00e1metro que nos pueda orientar sobre si la poblaci\u00f3n est\u00e1 desilusionada o aprueba la manera de gobernar de este Gobierno, sean las diversas encuestas del nivel de aprobaci\u00f3n. En este sentido hay muchas y de diversas empresas o medios de comunicaci\u00f3n, y no todas coinciden en los n\u00fameros quiz\u00e1 por las diversas metodolog\u00edas usadas o incluso, por la posible manipulaci\u00f3n que se pudiera dar.<br \/>\nPara darnos una idea de los resultados de estas encuestas, Consulta Mitosky le da una aprobaci\u00f3n del 57.4 por ciento; el Financiero con un 68%; el Universal con un 58% y M\u00e9xico Elije con un 52. Sin embargo, el foco de an\u00e1lisis no est\u00e1 en el n\u00famero, sino en la tendencia.<br \/>\nEn este sentido la noticia es que la tendencia que muestran las diversas encuestas es que la ca\u00edda no ha sido tan significativa o dram\u00e1tica, a pesar de todas las crisis que enfrent\u00f3: el desabasto de gasolina, los 135 muertos por la explosi\u00f3n en una toma clandestina en un ducto en Tlahuelilpan, Hgo, la renuncia del Secretario de Hacienda, el tema de poner orden en la compra de medicamentos, la captura fallida del \u201cChapito\u201d o la masacre de los LeBar\u00f3n; el saldo final no es una baja dr\u00e1stica, como lo indica Consulta Mitosky, al pasar de un 63% de aprobaci\u00f3n a un 59%.<br \/>\nViendo as\u00ed los n\u00fameros, como solemos decir, le sali\u00f3 barato, es decir, se esperar\u00eda un baj\u00f3n m\u00e1s fuerte. Varias explicaciones se pueden dar a este fen\u00f3meno, pero dentro de todas las respuestas, quiz\u00e1 una muy l\u00f3gica es que la gente sigue confiando en \u00e9l.<br \/>\nLa respuesta que en lo personal encuentro, es que la gente ha percibido un cambio en la forma de gobernar de parte del Presidente, algo nunca antes visto, formas tradicionales que a los mexicanos nos hab\u00edan hartado. Es cierto que estas formas no bastan, pero s\u00ed son importantes para que la gente siga confiando, y m\u00e1s cierto es que ahora tendr\u00e1 que acelerar en temas fundamentales como la econom\u00eda para recuperar terreno.<br \/>\nAs\u00ed las cosas, usando la frase de \u201cTin Tan\u201d que dijo el presidente en su toma de posesi\u00f3n, habr\u00e1 que decir que en este primer a\u00f1o a este \u201cganso\u201d no le quitaron ni una pluma, habr\u00e1 que esperar que no se canse y siga con buen paso.<br \/>\nEsta es mi opini\u00f3n, usted tiene La \u00daltima Palabra.<\/p>\n","protected":false},"excerpt":{"rendered":"<p>Ni una pluma Por: Ing. Jes\u00fas Herrera R\u00e1bago \u201cHace un a\u00f1o que yo tuve una ilusi\u00f3n, hace un a\u00f1o que hoy se cumple en este d\u00eda\u201d, dice la letra que populariz\u00f3 Antonio Aguilar. Y muy bien queda la frase para este domingo 1 de diciembre que se celebra el primer a\u00f1o del Gobierno de Andr\u00e9s [&hellip;]<\/p>\n","protected":false},"author":9,"featured_media":390,"comment_status":"open","ping_status":"closed","sticky":false,"template":"","format":"standard","meta":{"footnotes":""},"categories":[1],"tags":[1277],"class_list":["post-11785","post","type-post","status-publish","format-standard","has-post-thumbnail","hentry","category-noticias","tag-ing-jesus-herrera"],"_links":{"self":[{"href":"https:\/\/laultimapalabra.com.mx\/portal\/wp-json\/wp\/v2\/posts\/11785","targetHints":{"allow":["GET"]}}],"collection":[{"href":"https:\/\/laultimapalabra.com.mx\/portal\/wp-json\/wp\/v2\/posts"}],"about":[{"href":"https:\/\/laultimapalabra.com.mx\/portal\/wp-json\/wp\/v2\/types\/post"}],"author":[{"embeddable":true,"href":"https:\/\/laultimapalabra.com.mx\/portal\/wp-json\/wp\/v2\/users\/9"}],"replies":[{"embeddable":true,"href":"https:\/\/laultimapalabra.com.mx\/portal\/wp-json\/wp\/v2\/comments?post=11785"}],"version-history":[{"count":1,"href":"https:\/\/laultimapalabra.com.mx\/portal\/wp-json\/wp\/v2\/posts\/11785\/revisions"}],"predecessor-version":[{"id":69221,"href":"https:\/\/laultimapalabra.com.mx\/portal\/wp-json\/wp\/v2\/posts\/11785\/revisions\/69221"}],"wp:featuredmedia":[{"embeddable":true,"href":"https:\/\/laultimapalabra.com.mx\/portal\/wp-json\/"}],"wp:attachment":[{"href":"https:\/\/laultimapalabra.com.mx\/portal\/wp-json\/wp\/v2\/media?parent=11785"}],"wp:term":[{"taxonomy":"category","embeddable":true,"href":"https:\/\/laultimapalabra.com.mx\/portal\/wp-json\/wp\/v2\/categories?post=11785"},{"taxonomy":"post_tag","embeddable":true,"href":"https:\/\/laultimapalabra.com.mx\/portal\/wp-json\/wp\/v2\/tags?post=11785"}],"curies":[{"name":"wp","href":"https:\/\/api.w.org\/{rel}","templated":true}]}}