                       {"id":11874,"date":"2019-12-04T16:19:51","date_gmt":"2019-12-04T22:19:51","guid":{"rendered":"http:\/\/laultimapalabra.info\/?p=11874"},"modified":"2024-12-11T10:00:43","modified_gmt":"2024-12-11T16:00:43","slug":"diputados-alistan-discusion-de-ley-de-amnistia-para-el-jueves","status":"publish","type":"post","link":"https:\/\/laultimapalabra.com.mx\/portal\/diputados-alistan-discusion-de-ley-de-amnistia-para-el-jueves\/","title":{"rendered":"Diputados alistan discusi\u00f3n de Ley de Amnist\u00eda para el jueves"},"content":{"rendered":"<p style=\"text-align: justify;\"><img loading=\"lazy\" decoding=\"async\" class=\"size-medium wp-image-11875 alignleft\" src=\"https:\/\/laultimapalabra.com.mx\/portal\/wp-content\/uploads\/2019\/12\/camara_0-300x187.jpeg\" alt=\"\" width=\"300\" height=\"187\" \/>CIUDAD DE M\u00c9XICO.- Las comisiones unidas de Justicia y Gobernaci\u00f3n de la C\u00e1mara de Diputados discutir\u00e1n y votar\u00e1n este jueves el dictamen de la Ley de Amnist\u00eda con diversas modificaciones a la iniciativa presidencial entre las que destacan la creaci\u00f3n de una comisi\u00f3n que integrar\u00e1 el Ejecutivo y tendr\u00e1 como fin coordinar la aplicaci\u00f3n de la legislaci\u00f3n.<\/p>\n<p style=\"text-align: justify;\">El dictamen en poder de MILENIO, que se discutir\u00e1 el jueves en comisiones y se prev\u00e9 sea sometido a consideraci\u00f3n del pleno la pr\u00f3xima semana, establece la excarcelaci\u00f3n de personas con sentencia firme o procesadas en tribunales federales por delitos relacionados contra la salud, m\u00e9dicos, mujeres y familiares criminalizados por aborto, as\u00ed como a presos pol\u00edticos e ind\u00edgenas sentenciados sin contar con una adecuada defensa.<\/p>\n<p style=\"text-align: justify;\">Tambi\u00e9n, beneficia a mujeres criminalizadas por realizarse un aborto y los m\u00e9dicos o parteras que participaron, as\u00ed como a personas ind\u00edgenas que no tuvieron oportunidad de una adecuada defensa y a presos pol\u00edticos o de conciencia acusado por delitos inveros\u00edmiles.<\/p>\n<p style=\"text-align: justify;\">Las personas a quienes beneficie esta ley no podr\u00e1n ser en lo futuro detenidas ni procesadas por los mismos hechos. Condiciones para obtener la libertad El proyecto de 101 p\u00e1ginas estima que la liberaci\u00f3n de los beneficiarios proceder\u00e1 bajo la condici\u00f3n de que no se trate de reincidentes, que su sentencia no sea por homicidio, lesiones o secuestro, que no hayan utilizado armas de fuego, o bien, que no se trate de delitos graves relacionados en el art\u00edculo 19 Constitucional.<\/p>\n<p style=\"text-align: justify;\">En octubre, el presidente del Consejo Nacional de Seguridad Privada (CNSP), Ra\u00fal Sapi\u00e9n Santos, dijo que la Ley de Amnist\u00eda beneficiar\u00e1 a 2 mil 67 personas encarceladas por delitos del fuero federal, as\u00ed como a 17 mil 134 del fuero com\u00fan.<\/p>\n<p style=\"text-align: justify;\">La iniciativa original da atribuciones a la Fiscal\u00eda General de la Rep\u00fablica (FGR), a trav\u00e9s del Ministerio P\u00fablico, pata definir los casos en los que se podr\u00eda aplicar la amnist\u00eda, en el dictamen se determina que a fin de evitar conflictos de inter\u00e9s al erigir a dicha instituci\u00f3n como juez y parte para el otorgamiento del beneficio de la amnist\u00eda, ser\u00e1 el Ejecutivo quien integre una comisi\u00f3n encargada de coordinar los actos para dar cumplimiento y vigilar la aplicaci\u00f3n de la ley que deber\u00e1 ser integrada en un plazo no mayor a 60 d\u00edas a partir de su publicaci\u00f3n en el Diario Oficial de la Federaci\u00f3n.<\/p>\n<p style=\"text-align: justify;\">Los efectos de la amnist\u00eda se producir\u00e1n a partir de que un juez federal resuelva sobre el otorgamiento de la misma, en tanto &#8220;las autoridades ejecutoras de la pena pondr\u00e1n en inmediata libertad a las personas inculpadas, procesadas o sentenciadas, beneficiarias de la presente ley, preservando la confidencialidad de los datos personales&#8221;, se\u00f1ala el dictamen.<\/p>\n<p style=\"text-align: justify;\">Respecto al impacto presupuestal, lo absorber\u00e1n las dependencias implicadas en los procedimientos para otorgar el beneficio.<\/p>\n<p style=\"text-align: justify;\">fuente: MILENIO<\/p>\n","protected":false},"excerpt":{"rendered":"<p>CIUDAD DE M\u00c9XICO.- Las comisiones unidas de Justicia y Gobernaci\u00f3n de la C\u00e1mara de Diputados discutir\u00e1n y votar\u00e1n este jueves el dictamen de la Ley de Amnist\u00eda con diversas modificaciones a la iniciativa presidencial entre las que destacan la creaci\u00f3n de una comisi\u00f3n que integrar\u00e1 el Ejecutivo y tendr\u00e1 como fin coordinar la aplicaci\u00f3n de [&hellip;]<\/p>\n","protected":false},"author":9,"featured_media":11875,"comment_status":"open","ping_status":"closed","sticky":false,"template":"","format":"standard","meta":{"footnotes":""},"categories":[19],"tags":[24,124,1408],"class_list":["post-11874","post","type-post","status-publish","format-standard","has-post-thumbnail","hentry","category-nacional","tag-24","tag-amlo","tag-ley-de-amnistia"],"_links":{"self":[{"href":"https:\/\/laultimapalabra.com.mx\/portal\/wp-json\/wp\/v2\/posts\/11874","targetHints":{"allow":["GET"]}}],"collection":[{"href":"https:\/\/laultimapalabra.com.mx\/portal\/wp-json\/wp\/v2\/posts"}],"about":[{"href":"https:\/\/laultimapalabra.com.mx\/portal\/wp-json\/wp\/v2\/types\/post"}],"author":[{"embeddable":true,"href":"https:\/\/laultimapalabra.com.mx\/portal\/wp-json\/wp\/v2\/users\/9"}],"replies":[{"embeddable":true,"href":"https:\/\/laultimapalabra.com.mx\/portal\/wp-json\/wp\/v2\/comments?post=11874"}],"version-history":[{"count":1,"href":"https:\/\/laultimapalabra.com.mx\/portal\/wp-json\/wp\/v2\/posts\/11874\/revisions"}],"predecessor-version":[{"id":69267,"href":"https:\/\/laultimapalabra.com.mx\/portal\/wp-json\/wp\/v2\/posts\/11874\/revisions\/69267"}],"wp:featuredmedia":[{"embeddable":true,"href":"https:\/\/laultimapalabra.com.mx\/portal\/wp-json\/"}],"wp:attachment":[{"href":"https:\/\/laultimapalabra.com.mx\/portal\/wp-json\/wp\/v2\/media?parent=11874"}],"wp:term":[{"taxonomy":"category","embeddable":true,"href":"https:\/\/laultimapalabra.com.mx\/portal\/wp-json\/wp\/v2\/categories?post=11874"},{"taxonomy":"post_tag","embeddable":true,"href":"https:\/\/laultimapalabra.com.mx\/portal\/wp-json\/wp\/v2\/tags?post=11874"}],"curies":[{"name":"wp","href":"https:\/\/api.w.org\/{rel}","templated":true}]}}