                       {"id":11905,"date":"2019-12-05T17:30:55","date_gmt":"2019-12-05T23:30:55","guid":{"rendered":"http:\/\/laultimapalabra.info\/?p=11905"},"modified":"2024-12-11T10:00:43","modified_gmt":"2024-12-11T16:00:43","slug":"apoya-dif-de-juarez-con-autoempleo-a-personas-con-capacidades-diferentes","status":"publish","type":"post","link":"https:\/\/laultimapalabra.com.mx\/portal\/apoya-dif-de-juarez-con-autoempleo-a-personas-con-capacidades-diferentes\/","title":{"rendered":"APOYA DIF DE JU\u00c1REZ CON AUTOEMPLEO A PERSONAS CON CAPACIDADES DIFERENTES"},"content":{"rendered":"<p style=\"text-align: justify;\"><img loading=\"lazy\" decoding=\"async\" class=\"size-medium wp-image-11906 alignleft\" src=\"https:\/\/laultimapalabra.com.mx\/portal\/wp-content\/uploads\/2019\/12\/baase1-300x200.jpg\" alt=\"\" width=\"300\" height=\"200\" \/> Ju\u00e1rez, N. L.- La Presidenta del DIF municipal de Ju\u00e1rez, Alma Leticia Gonz\u00e1lez de Trevi\u00f1o en representaci\u00f3n del Alcalde Heriberto Trevi\u00f1o Cant\u00fa, visit\u00f3 las instalaciones del Centro de Atenci\u00f3n M\u00faltiple (CAM) Candelario Huizar Garc\u00eda de la Cadena, ubicado en la Colonia Lomas de Santa M\u00f3nica.<\/p>\n<p style=\"text-align: justify;\">Dentro del marco por el D\u00eda Internacional de las personas con capacidades diferentes y de la semana de la discapacidad la Presidenta del DIF visit\u00f3 las instalaciones para saludar a los ni\u00f1os y ser testigo del arranque de un peque\u00f1o negocio.<\/p>\n<p style=\"text-align: justify;\"><img loading=\"lazy\" decoding=\"async\" class=\"size-medium wp-image-11908 alignright\" src=\"https:\/\/laultimapalabra.com.mx\/portal\/wp-content\/uploads\/2019\/12\/base2-300x200.jpg\" alt=\"\" width=\"300\" height=\"200\" \/>La joven Angie Lizeth Mendoza de 20 a\u00f1os quien despu\u00e9s de haber concluido su taller de cocina, present\u00f3 su proyecto de reposter\u00eda que lleva por nombre \u201cPostres Angie\u201d y para que conocieran el rico sabor de sus productos, deleit\u00f3 a todos los presentes con sus pastelitos y empanadas.<\/p>\n<p style=\"text-align: justify;\">Por su parte Alma Leticia Gonz\u00e1lez de Trevi\u00f1o realiz\u00f3 actividades en conjunto con alumnos, pidi\u00f3 tomar concientizaci\u00f3n y felicit\u00f3 a los padres de familia por el gran esfuerzo que realizan diariamente recalcando la frase: \u201cCuando se quiere se puede\u201d.<\/p>\n<p style=\"text-align: justify;\">Para finalizar se comprometi\u00f3 en apoyar con algunas peticiones que le hicieron las madres de familia y maestros del centro educativo para poder seguir realizando diferentes tareas o proyectos de negocios que ayudar\u00e1n al desarrollo de los ni\u00f1os.<\/p>\n<p style=\"text-align: justify;\">El DIF municipal de Ju\u00e1rez se caracteriza por tener esa capacidad de sensibilidad y coraz\u00f3n con los ni\u00f1os y ni\u00f1as de toda la ciudad, recordando que las puertas se encuentran abiertas para todas aquellas personas que requieran ayuda.<\/p>\n","protected":false},"excerpt":{"rendered":"<p>Ju\u00e1rez, N. L.- La Presidenta del DIF municipal de Ju\u00e1rez, Alma Leticia Gonz\u00e1lez de Trevi\u00f1o en representaci\u00f3n del Alcalde Heriberto Trevi\u00f1o Cant\u00fa, visit\u00f3 las instalaciones del Centro de Atenci\u00f3n M\u00faltiple (CAM) Candelario Huizar Garc\u00eda de la Cadena, ubicado en la Colonia Lomas de Santa M\u00f3nica. Dentro del marco por el D\u00eda Internacional de las personas [&hellip;]<\/p>\n","protected":false},"author":9,"featured_media":11907,"comment_status":"open","ping_status":"closed","sticky":false,"template":"","format":"standard","meta":{"footnotes":""},"categories":[18],"tags":[100,851],"class_list":["post-11905","post","type-post","status-publish","format-standard","has-post-thumbnail","hentry","category-locales-juarez","tag-alma-leticia-gonzalez-de-trevino","tag-dif-juarez"],"_links":{"self":[{"href":"https:\/\/laultimapalabra.com.mx\/portal\/wp-json\/wp\/v2\/posts\/11905","targetHints":{"allow":["GET"]}}],"collection":[{"href":"https:\/\/laultimapalabra.com.mx\/portal\/wp-json\/wp\/v2\/posts"}],"about":[{"href":"https:\/\/laultimapalabra.com.mx\/portal\/wp-json\/wp\/v2\/types\/post"}],"author":[{"embeddable":true,"href":"https:\/\/laultimapalabra.com.mx\/portal\/wp-json\/wp\/v2\/users\/9"}],"replies":[{"embeddable":true,"href":"https:\/\/laultimapalabra.com.mx\/portal\/wp-json\/wp\/v2\/comments?post=11905"}],"version-history":[{"count":1,"href":"https:\/\/laultimapalabra.com.mx\/portal\/wp-json\/wp\/v2\/posts\/11905\/revisions"}],"predecessor-version":[{"id":69281,"href":"https:\/\/laultimapalabra.com.mx\/portal\/wp-json\/wp\/v2\/posts\/11905\/revisions\/69281"}],"wp:featuredmedia":[{"embeddable":true,"href":"https:\/\/laultimapalabra.com.mx\/portal\/wp-json\/"}],"wp:attachment":[{"href":"https:\/\/laultimapalabra.com.mx\/portal\/wp-json\/wp\/v2\/media?parent=11905"}],"wp:term":[{"taxonomy":"category","embeddable":true,"href":"https:\/\/laultimapalabra.com.mx\/portal\/wp-json\/wp\/v2\/categories?post=11905"},{"taxonomy":"post_tag","embeddable":true,"href":"https:\/\/laultimapalabra.com.mx\/portal\/wp-json\/wp\/v2\/tags?post=11905"}],"curies":[{"name":"wp","href":"https:\/\/api.w.org\/{rel}","templated":true}]}}