                       {"id":11931,"date":"2019-12-05T21:57:32","date_gmt":"2019-12-06T03:57:32","guid":{"rendered":"http:\/\/laultimapalabra.info\/?p=11931"},"modified":"2024-12-11T10:00:44","modified_gmt":"2024-12-11T16:00:44","slug":"la-bola-cuadrada-90","status":"publish","type":"post","link":"https:\/\/laultimapalabra.com.mx\/portal\/la-bola-cuadrada-90\/","title":{"rendered":"La Bola Cuadrada"},"content":{"rendered":"<p style=\"text-align: justify;\"><img loading=\"lazy\" decoding=\"async\" class=\"size-medium wp-image-886 alignleft\" src=\"https:\/\/laultimapalabra.com.mx\/portal\/wp-content\/uploads\/2018\/03\/Logo-La-bola-cuadrada-223x300.jpg\" alt=\"\" width=\"223\" height=\"300\" \/>Por: El Rompepicos<\/p>\n<p style=\"text-align: justify;\">POCKET PARK<br \/>\nUno de los m\u00e1s grandes logros de la labor gestora del ex Gordis, es sin duda la inauguraci\u00f3n del parque industrial Pocket Park Oriente, ya que aparte de su derrama econ\u00f3mica, lo m\u00e1s importante es que habr\u00e1 800 empleo indirectos durante su construcci\u00f3n y 2,400 empleos de plazas fijas para los juarenses en las diversas industrias que all\u00ed se asentar\u00e1n para un beneficio de 3,200 empleos.<br \/>\nPARQUE<br \/>\nAdem\u00e1s en materia de empleo, ese parque dar\u00e1 un refresh al desempleo de vecinos de las colonias Urbivillas, Praderas de San Juan, La Escondida, Ejido Ju\u00e1rez, entre muchas que tendr\u00e1n cerca sus lugares de trabajo.<br \/>\nARCA<br \/>\nAl parecer el rumor de que viene el del Arca a buscar la alcald\u00eda para Ju\u00e1rez porque ya tiene sentido, porque aseguran que ya andaba juntando papeler\u00eda para cambiar su residencia para este municipio, visita enfermos de Ju\u00e1rez y dem\u00e1s. \u00a1H\u00edjole!<br \/>\nTREVI<br \/>\nPero Paco Trevi no baja la guardia y sigue chambeando, porque es la forma de mantener unida a la estructura cenopista y del tricolor, as\u00ed que hagan sus apuestas se\u00f1ores.<br \/>\nLLAMAS<br \/>\nOtro que no se deja es Alan el Lumbritas, quien sigue pic\u00e1ndole al buey para que camine, dentro de su \u00e1rea y ya en la caminata mostr\u00f3 que tiene buen n\u00famero de gente.<br \/>\nCEJUM<br \/>\nPor lo pronto el d\u00eda de hoy tiene que estar terminado el Cejum (escribimos Cejum) y parece ser que esta semana entrante ya debe estar siendo cortado el list\u00f3n para que empiece a funcionar.<br \/>\nRECORDAMOS<br \/>\nRecordamos aquel bombero que hace 10 a\u00f1os cuando tronaban las balas en la Suburban arriesg\u00f3 su vida intentando apagarla para salvar a tres personas en su interior. Una bala en su pierna se lo impidi\u00f3. Pero \u00a1honor a quien honor merece!<br \/>\nD\u00c9CADA<br \/>\nHace una d\u00e9cada Ju\u00e1rez despert\u00f3 a una realidad que ignoraba que estaba viviendo en la balacera del monumento.<\/p>\n","protected":false},"excerpt":{"rendered":"<p>Por: El Rompepicos POCKET PARK Uno de los m\u00e1s grandes logros de la labor gestora del ex Gordis, es sin duda la inauguraci\u00f3n del parque industrial Pocket Park Oriente, ya que aparte de su derrama econ\u00f3mica, lo m\u00e1s importante es que habr\u00e1 800 empleo indirectos durante su construcci\u00f3n y 2,400 empleos de plazas fijas para [&hellip;]<\/p>\n","protected":false},"author":9,"featured_media":886,"comment_status":"open","ping_status":"closed","sticky":false,"template":"","format":"standard","meta":{"footnotes":""},"categories":[1],"tags":[1376],"class_list":["post-11931","post","type-post","status-publish","format-standard","has-post-thumbnail","hentry","category-noticias","tag-la-bola-cuadrada"],"_links":{"self":[{"href":"https:\/\/laultimapalabra.com.mx\/portal\/wp-json\/wp\/v2\/posts\/11931","targetHints":{"allow":["GET"]}}],"collection":[{"href":"https:\/\/laultimapalabra.com.mx\/portal\/wp-json\/wp\/v2\/posts"}],"about":[{"href":"https:\/\/laultimapalabra.com.mx\/portal\/wp-json\/wp\/v2\/types\/post"}],"author":[{"embeddable":true,"href":"https:\/\/laultimapalabra.com.mx\/portal\/wp-json\/wp\/v2\/users\/9"}],"replies":[{"embeddable":true,"href":"https:\/\/laultimapalabra.com.mx\/portal\/wp-json\/wp\/v2\/comments?post=11931"}],"version-history":[{"count":1,"href":"https:\/\/laultimapalabra.com.mx\/portal\/wp-json\/wp\/v2\/posts\/11931\/revisions"}],"predecessor-version":[{"id":69295,"href":"https:\/\/laultimapalabra.com.mx\/portal\/wp-json\/wp\/v2\/posts\/11931\/revisions\/69295"}],"wp:featuredmedia":[{"embeddable":true,"href":"https:\/\/laultimapalabra.com.mx\/portal\/wp-json\/"}],"wp:attachment":[{"href":"https:\/\/laultimapalabra.com.mx\/portal\/wp-json\/wp\/v2\/media?parent=11931"}],"wp:term":[{"taxonomy":"category","embeddable":true,"href":"https:\/\/laultimapalabra.com.mx\/portal\/wp-json\/wp\/v2\/categories?post=11931"},{"taxonomy":"post_tag","embeddable":true,"href":"https:\/\/laultimapalabra.com.mx\/portal\/wp-json\/wp\/v2\/tags?post=11931"}],"curies":[{"name":"wp","href":"https:\/\/api.w.org\/{rel}","templated":true}]}}