                       {"id":119721,"date":"2026-08-28T15:34:47","date_gmt":"2026-08-28T21:34:47","guid":{"rendered":"https:\/\/laultimapalabra.com.mx\/portal\/?p=119721"},"modified":"2026-08-28T15:35:34","modified_gmt":"2026-08-28T21:35:34","slug":"hallan-a-ej3cutado-y-camioneta-en-brecha-de-cadereyta","status":"publish","type":"post","link":"https:\/\/laultimapalabra.com.mx\/portal\/hallan-a-ej3cutado-y-camioneta-en-brecha-de-cadereyta\/","title":{"rendered":"Hallan a ej3cutado y camioneta en brecha de Cadereyta"},"content":{"rendered":"<p>Cadereyta, N.L.- En las primeras horas de la madrugada de hoy, fue encontrado S1n v1da un hombre en una brecha de Cadereyta, muy cerca de la comunidad El Mezcal en la guardarraya con el municipio de Ju\u00e1rez.<br \/>\nAunque se manej\u00f3 el caso en total hermetismo por las autoridades, trascendi\u00f3 que la v\u00edctima se encontraba bocabajo ,entre unos arbustos, con huella de v1olencia y con una bolsa en la cabeza.<\/p>\n<p><img loading=\"lazy\" decoding=\"async\" class=\"alignnone size-medium wp-image-119724\" src=\"https:\/\/laultimapalabra.com.mx\/portal\/wp-content\/uploads\/2026\/08\/WhatsApp-Image-2026-08-28-at-2.33.38-PM-300x200.jpeg\" alt=\"\" width=\"300\" height=\"200\" srcset=\"https:\/\/laultimapalabra.com.mx\/portal\/wp-content\/uploads\/2026\/08\/WhatsApp-Image-2026-08-28-at-2.33.38-PM-300x200.jpeg 300w, https:\/\/laultimapalabra.com.mx\/portal\/wp-content\/uploads\/2026\/08\/WhatsApp-Image-2026-08-28-at-2.33.38-PM-768x512.jpeg 768w, https:\/\/laultimapalabra.com.mx\/portal\/wp-content\/uploads\/2026\/08\/WhatsApp-Image-2026-08-28-at-2.33.38-PM.jpeg 1024w\" sizes=\"auto, (max-width: 300px) 100vw, 300px\" \/> <img loading=\"lazy\" decoding=\"async\" class=\"alignnone size-medium wp-image-119723\" src=\"https:\/\/laultimapalabra.com.mx\/portal\/wp-content\/uploads\/2026\/08\/WhatsApp-Image-2026-08-28-at-2.33.59-PM-300x186.jpeg\" alt=\"\" width=\"300\" height=\"186\" srcset=\"https:\/\/laultimapalabra.com.mx\/portal\/wp-content\/uploads\/2026\/08\/WhatsApp-Image-2026-08-28-at-2.33.59-PM-300x186.jpeg 300w, https:\/\/laultimapalabra.com.mx\/portal\/wp-content\/uploads\/2026\/08\/WhatsApp-Image-2026-08-28-at-2.33.59-PM-1024x634.jpeg 1024w, https:\/\/laultimapalabra.com.mx\/portal\/wp-content\/uploads\/2026\/08\/WhatsApp-Image-2026-08-28-at-2.33.59-PM-768x475.jpeg 768w, https:\/\/laultimapalabra.com.mx\/portal\/wp-content\/uploads\/2026\/08\/WhatsApp-Image-2026-08-28-at-2.33.59-PM-1536x951.jpeg 1536w, https:\/\/laultimapalabra.com.mx\/portal\/wp-content\/uploads\/2026\/08\/WhatsApp-Image-2026-08-28-at-2.33.59-PM.jpeg 1599w\" sizes=\"auto, (max-width: 300px) 100vw, 300px\" \/> <img loading=\"lazy\" decoding=\"async\" class=\"alignnone size-medium wp-image-119722\" src=\"https:\/\/laultimapalabra.com.mx\/portal\/wp-content\/uploads\/2026\/08\/WhatsApp-Image-2026-08-28-at-2.33.59-PM-1-300x182.jpeg\" alt=\"\" width=\"300\" height=\"182\" srcset=\"https:\/\/laultimapalabra.com.mx\/portal\/wp-content\/uploads\/2026\/08\/WhatsApp-Image-2026-08-28-at-2.33.59-PM-1-300x182.jpeg 300w, https:\/\/laultimapalabra.com.mx\/portal\/wp-content\/uploads\/2026\/08\/WhatsApp-Image-2026-08-28-at-2.33.59-PM-1-1024x621.jpeg 1024w, https:\/\/laultimapalabra.com.mx\/portal\/wp-content\/uploads\/2026\/08\/WhatsApp-Image-2026-08-28-at-2.33.59-PM-1-768x466.jpeg 768w, https:\/\/laultimapalabra.com.mx\/portal\/wp-content\/uploads\/2026\/08\/WhatsApp-Image-2026-08-28-at-2.33.59-PM-1-1536x931.jpeg 1536w, https:\/\/laultimapalabra.com.mx\/portal\/wp-content\/uploads\/2026\/08\/WhatsApp-Image-2026-08-28-at-2.33.59-PM-1.jpeg 1600w\" sizes=\"auto, (max-width: 300px) 100vw, 300px\" \/><br \/>\nA un lado se encontraba una camioneta de alta gama en color blanco, que fue confiscada por las autoridades como parte de la investigaci\u00f3n.<br \/>\nEn el lugar acudieron elementos de la polic\u00eda ministerial y peritos del Instituto de Criminal\u00edstica y Servicios Periciales para realizar las primeras indagatorias.<\/p>\n","protected":false},"excerpt":{"rendered":"<p>Cadereyta, N.L.- En las primeras horas de la madrugada de hoy, fue encontrado S1n v1da un hombre en una brecha de Cadereyta, muy cerca de la comunidad El Mezcal en la guardarraya con el municipio de Ju\u00e1rez. Aunque se manej\u00f3 el caso en total hermetismo por las autoridades, trascendi\u00f3 que la v\u00edctima se encontraba bocabajo [&hellip;]<\/p>\n","protected":false},"author":14,"featured_media":119724,"comment_status":"closed","ping_status":"closed","sticky":false,"template":"","format":"standard","meta":{"footnotes":""},"categories":[9],"tags":[],"class_list":["post-119721","post","type-post","status-publish","format-standard","has-post-thumbnail","hentry","category-seguridad-cadereyta"],"_links":{"self":[{"href":"https:\/\/laultimapalabra.com.mx\/portal\/wp-json\/wp\/v2\/posts\/119721","targetHints":{"allow":["GET"]}}],"collection":[{"href":"https:\/\/laultimapalabra.com.mx\/portal\/wp-json\/wp\/v2\/posts"}],"about":[{"href":"https:\/\/laultimapalabra.com.mx\/portal\/wp-json\/wp\/v2\/types\/post"}],"author":[{"embeddable":true,"href":"https:\/\/laultimapalabra.com.mx\/portal\/wp-json\/wp\/v2\/users\/14"}],"replies":[{"embeddable":true,"href":"https:\/\/laultimapalabra.com.mx\/portal\/wp-json\/wp\/v2\/comments?post=119721"}],"version-history":[{"count":1,"href":"https:\/\/laultimapalabra.com.mx\/portal\/wp-json\/wp\/v2\/posts\/119721\/revisions"}],"predecessor-version":[{"id":119725,"href":"https:\/\/laultimapalabra.com.mx\/portal\/wp-json\/wp\/v2\/posts\/119721\/revisions\/119725"}],"wp:featuredmedia":[{"embeddable":true,"href":"https:\/\/laultimapalabra.com.mx\/portal\/wp-json\/wp\/v2\/media\/119724"}],"wp:attachment":[{"href":"https:\/\/laultimapalabra.com.mx\/portal\/wp-json\/wp\/v2\/media?parent=119721"}],"wp:term":[{"taxonomy":"category","embeddable":true,"href":"https:\/\/laultimapalabra.com.mx\/portal\/wp-json\/wp\/v2\/categories?post=119721"},{"taxonomy":"post_tag","embeddable":true,"href":"https:\/\/laultimapalabra.com.mx\/portal\/wp-json\/wp\/v2\/tags?post=119721"}],"curies":[{"name":"wp","href":"https:\/\/api.w.org\/{rel}","templated":true}]}}