                       {"id":119743,"date":"2026-08-28T15:40:49","date_gmt":"2026-08-28T21:40:49","guid":{"rendered":"https:\/\/laultimapalabra.com.mx\/portal\/?p=119743"},"modified":"2026-08-28T15:40:49","modified_gmt":"2026-08-28T21:40:49","slug":"anuncian-entrega-de-beca-de-transporte-en-cadereyta","status":"publish","type":"post","link":"https:\/\/laultimapalabra.com.mx\/portal\/anuncian-entrega-de-beca-de-transporte-en-cadereyta\/","title":{"rendered":"Anuncian entrega de Beca de Transporte en Cadereyta"},"content":{"rendered":"<p>&nbsp;<\/p>\n<p>Cadereyta, N.L.- El Gobierno Municipal de Cadereyta, a trav\u00e9s de la Direcci\u00f3n de Desarrollo Social, anunci\u00f3 la entrega de cupones y boletos de la Beca de Transporte correspondientes al mes de septiembre.<\/p>\n<p>El beneficio aplica para las rutas Cadereyta &#8211; Monterrey y San Juan &#8211; Cadereyta.<\/p>\n<p>La entrega se realizar\u00e1 a partir del 31 de agosto de 2026, en un horario de 8:00 de la ma\u00f1ana a 4:00 de la tarde, de lunes a viernes, en las oficinas de Desarrollo Social ubicadas en calle Ju\u00e1rez #105 Poniente, Zona Centro, primer piso.<\/p>\n<p>Las autoridades informaron que los beneficiarios deber\u00e1n presentar su recibo de pago para poder recoger sus cupones.<\/p>\n<p>Para mayor informaci\u00f3n, se puso a disposici\u00f3n el tel\u00e9fono 828 118 61 56.<\/p>\n","protected":false},"excerpt":{"rendered":"<p>&nbsp; Cadereyta, N.L.- El Gobierno Municipal de Cadereyta, a trav\u00e9s de la Direcci\u00f3n de Desarrollo Social, anunci\u00f3 la entrega de cupones y boletos de la Beca de Transporte correspondientes al mes de septiembre. El beneficio aplica para las rutas Cadereyta &#8211; Monterrey y San Juan &#8211; Cadereyta. La entrega se realizar\u00e1 a partir del 31 [&hellip;]<\/p>\n","protected":false},"author":14,"featured_media":119744,"comment_status":"closed","ping_status":"closed","sticky":false,"template":"","format":"standard","meta":{"footnotes":""},"categories":[17],"tags":[],"class_list":["post-119743","post","type-post","status-publish","format-standard","has-post-thumbnail","hentry","category-locales-cadereyta"],"_links":{"self":[{"href":"https:\/\/laultimapalabra.com.mx\/portal\/wp-json\/wp\/v2\/posts\/119743","targetHints":{"allow":["GET"]}}],"collection":[{"href":"https:\/\/laultimapalabra.com.mx\/portal\/wp-json\/wp\/v2\/posts"}],"about":[{"href":"https:\/\/laultimapalabra.com.mx\/portal\/wp-json\/wp\/v2\/types\/post"}],"author":[{"embeddable":true,"href":"https:\/\/laultimapalabra.com.mx\/portal\/wp-json\/wp\/v2\/users\/14"}],"replies":[{"embeddable":true,"href":"https:\/\/laultimapalabra.com.mx\/portal\/wp-json\/wp\/v2\/comments?post=119743"}],"version-history":[{"count":1,"href":"https:\/\/laultimapalabra.com.mx\/portal\/wp-json\/wp\/v2\/posts\/119743\/revisions"}],"predecessor-version":[{"id":119745,"href":"https:\/\/laultimapalabra.com.mx\/portal\/wp-json\/wp\/v2\/posts\/119743\/revisions\/119745"}],"wp:featuredmedia":[{"embeddable":true,"href":"https:\/\/laultimapalabra.com.mx\/portal\/wp-json\/wp\/v2\/media\/119744"}],"wp:attachment":[{"href":"https:\/\/laultimapalabra.com.mx\/portal\/wp-json\/wp\/v2\/media?parent=119743"}],"wp:term":[{"taxonomy":"category","embeddable":true,"href":"https:\/\/laultimapalabra.com.mx\/portal\/wp-json\/wp\/v2\/categories?post=119743"},{"taxonomy":"post_tag","embeddable":true,"href":"https:\/\/laultimapalabra.com.mx\/portal\/wp-json\/wp\/v2\/tags?post=119743"}],"curies":[{"name":"wp","href":"https:\/\/api.w.org\/{rel}","templated":true}]}}