                       {"id":119757,"date":"2026-08-28T17:13:22","date_gmt":"2026-08-28T23:13:22","guid":{"rendered":"https:\/\/laultimapalabra.com.mx\/portal\/?p=119757"},"modified":"2026-08-28T17:13:22","modified_gmt":"2026-08-28T23:13:22","slug":"cae-rzr-a-barranco-de-250-metros-en-santiago-pareja-resulta-lesionada","status":"publish","type":"post","link":"https:\/\/laultimapalabra.com.mx\/portal\/cae-rzr-a-barranco-de-250-metros-en-santiago-pareja-resulta-lesionada\/","title":{"rendered":"Cae rzr a barranco de 250 metros en Santiago; pareja resulta lesionada"},"content":{"rendered":"<p>Una pareja result\u00f3 lesionada luego de que el veh\u00edculo RZR en el que viajaban cayera a un barranco de entre 200 y 250 metros de profundidad, en el municipio de Santiago. Protecci\u00f3n Civil de Santiago acudi\u00f3 al reporte, aunque la ubicaci\u00f3n exacta dificult\u00f3 inicialmente la localizaci\u00f3n. Una mujer de 29 a\u00f1os y un hombre de 24, ambos originarios de Guadalupe, fueron encontrados con politraumatismos y trasladados bajo custodia al Hospital de Montemorelos.<br \/>\nFUENTE: TELEDIARIO<\/p>\n","protected":false},"excerpt":{"rendered":"<p>Una pareja result\u00f3 lesionada luego de que el veh\u00edculo RZR en el que viajaban cayera a un barranco de entre 200 y 250 metros de profundidad, en el municipio de Santiago. Protecci\u00f3n Civil de Santiago acudi\u00f3 al reporte, aunque la ubicaci\u00f3n exacta dificult\u00f3 inicialmente la localizaci\u00f3n. Una mujer de 29 a\u00f1os y un hombre de [&hellip;]<\/p>\n","protected":false},"author":14,"featured_media":119751,"comment_status":"closed","ping_status":"closed","sticky":false,"template":"","format":"standard","meta":{"footnotes":""},"categories":[15],"tags":[],"class_list":["post-119757","post","type-post","status-publish","format-standard","has-post-thumbnail","hentry","category-estado"],"_links":{"self":[{"href":"https:\/\/laultimapalabra.com.mx\/portal\/wp-json\/wp\/v2\/posts\/119757","targetHints":{"allow":["GET"]}}],"collection":[{"href":"https:\/\/laultimapalabra.com.mx\/portal\/wp-json\/wp\/v2\/posts"}],"about":[{"href":"https:\/\/laultimapalabra.com.mx\/portal\/wp-json\/wp\/v2\/types\/post"}],"author":[{"embeddable":true,"href":"https:\/\/laultimapalabra.com.mx\/portal\/wp-json\/wp\/v2\/users\/14"}],"replies":[{"embeddable":true,"href":"https:\/\/laultimapalabra.com.mx\/portal\/wp-json\/wp\/v2\/comments?post=119757"}],"version-history":[{"count":1,"href":"https:\/\/laultimapalabra.com.mx\/portal\/wp-json\/wp\/v2\/posts\/119757\/revisions"}],"predecessor-version":[{"id":119758,"href":"https:\/\/laultimapalabra.com.mx\/portal\/wp-json\/wp\/v2\/posts\/119757\/revisions\/119758"}],"wp:featuredmedia":[{"embeddable":true,"href":"https:\/\/laultimapalabra.com.mx\/portal\/wp-json\/wp\/v2\/media\/119751"}],"wp:attachment":[{"href":"https:\/\/laultimapalabra.com.mx\/portal\/wp-json\/wp\/v2\/media?parent=119757"}],"wp:term":[{"taxonomy":"category","embeddable":true,"href":"https:\/\/laultimapalabra.com.mx\/portal\/wp-json\/wp\/v2\/categories?post=119757"},{"taxonomy":"post_tag","embeddable":true,"href":"https:\/\/laultimapalabra.com.mx\/portal\/wp-json\/wp\/v2\/tags?post=119757"}],"curies":[{"name":"wp","href":"https:\/\/api.w.org\/{rel}","templated":true}]}}