                       {"id":119766,"date":"2026-08-28T20:38:54","date_gmt":"2026-08-29T02:38:54","guid":{"rendered":"https:\/\/laultimapalabra.com.mx\/portal\/?p=119766"},"modified":"2026-08-28T20:38:54","modified_gmt":"2026-08-29T02:38:54","slug":"disfrutan-adultos-mayores-danzon-orquesta-y-baile-en-la-plaza-de-cadereyta","status":"publish","type":"post","link":"https:\/\/laultimapalabra.com.mx\/portal\/disfrutan-adultos-mayores-danzon-orquesta-y-baile-en-la-plaza-de-cadereyta\/","title":{"rendered":"Disfrutan adultos mayores danz\u00f3n, orquesta y baile en la plaza de Cadereyta"},"content":{"rendered":"<p style=\"text-align: left;\">\nCadereyta Jim\u00e9nez, N.L.- Desde las 19:00 horas de hoy, la plaza principal ee Cadereyta se visti\u00f3 de color, m\u00fasica y recuerdos, al comp\u00e1s del baile dirigido a los adultos mayores de Cadereyta.<\/p>\n<div id=\"attachment_119768\" style=\"width: 310px\" class=\"wp-caption alignnone\"><img loading=\"lazy\" decoding=\"async\" aria-describedby=\"caption-attachment-119768\" class=\"size-medium wp-image-119768\" src=\"https:\/\/laultimapalabra.com.mx\/portal\/wp-content\/uploads\/2026\/08\/IMG_1386-300x228.jpeg\" alt=\"\" width=\"300\" height=\"228\" srcset=\"https:\/\/laultimapalabra.com.mx\/portal\/wp-content\/uploads\/2026\/08\/IMG_1386-300x228.jpeg 300w, https:\/\/laultimapalabra.com.mx\/portal\/wp-content\/uploads\/2026\/08\/IMG_1386-1024x778.jpeg 1024w, https:\/\/laultimapalabra.com.mx\/portal\/wp-content\/uploads\/2026\/08\/IMG_1386-768x584.jpeg 768w, https:\/\/laultimapalabra.com.mx\/portal\/wp-content\/uploads\/2026\/08\/IMG_1386.jpeg 1124w\" sizes=\"auto, (max-width: 300px) 100vw, 300px\" \/><p id=\"caption-attachment-119768\" class=\"wp-caption-text\">Screenshot<\/p><\/div>\n<p style=\"text-align: left;\">\nEl alcalde de esta ciudad, Carlos Rodr\u00edguez \u201cEl Cuate\u201d, convivi\u00f3 con las parejas de abuelitos, quo festejaron su d\u00eda al comp\u00e1s de la \u201cOrquesta Danzonera\u201d, quo deleit\u00f3 a los presentes con la m\u00fasica del recuerdo.<br \/>\nEn el memorable evento estuvo tambi\u00e9n la maestra de baile Mal\u00fa Ayala.<br \/>\nLos adultos mayores agradecieron el evento y pidieron se repita de nuevo para convivir con su familia y disfrutar de nuevo la bella velada.<\/p>\n","protected":false},"excerpt":{"rendered":"<p>Cadereyta Jim\u00e9nez, N.L.- Desde las 19:00 horas de hoy, la plaza principal ee Cadereyta se visti\u00f3 de color, m\u00fasica y recuerdos, al comp\u00e1s del baile dirigido a los adultos mayores de Cadereyta. El alcalde de esta ciudad, Carlos Rodr\u00edguez \u201cEl Cuate\u201d, convivi\u00f3 con las parejas de abuelitos, quo festejaron su d\u00eda al comp\u00e1s de la [&hellip;]<\/p>\n","protected":false},"author":14,"featured_media":119767,"comment_status":"closed","ping_status":"closed","sticky":false,"template":"","format":"standard","meta":{"footnotes":""},"categories":[17],"tags":[],"class_list":["post-119766","post","type-post","status-publish","format-standard","has-post-thumbnail","hentry","category-locales-cadereyta"],"_links":{"self":[{"href":"https:\/\/laultimapalabra.com.mx\/portal\/wp-json\/wp\/v2\/posts\/119766","targetHints":{"allow":["GET"]}}],"collection":[{"href":"https:\/\/laultimapalabra.com.mx\/portal\/wp-json\/wp\/v2\/posts"}],"about":[{"href":"https:\/\/laultimapalabra.com.mx\/portal\/wp-json\/wp\/v2\/types\/post"}],"author":[{"embeddable":true,"href":"https:\/\/laultimapalabra.com.mx\/portal\/wp-json\/wp\/v2\/users\/14"}],"replies":[{"embeddable":true,"href":"https:\/\/laultimapalabra.com.mx\/portal\/wp-json\/wp\/v2\/comments?post=119766"}],"version-history":[{"count":1,"href":"https:\/\/laultimapalabra.com.mx\/portal\/wp-json\/wp\/v2\/posts\/119766\/revisions"}],"predecessor-version":[{"id":119769,"href":"https:\/\/laultimapalabra.com.mx\/portal\/wp-json\/wp\/v2\/posts\/119766\/revisions\/119769"}],"wp:featuredmedia":[{"embeddable":true,"href":"https:\/\/laultimapalabra.com.mx\/portal\/wp-json\/wp\/v2\/media\/119767"}],"wp:attachment":[{"href":"https:\/\/laultimapalabra.com.mx\/portal\/wp-json\/wp\/v2\/media?parent=119766"}],"wp:term":[{"taxonomy":"category","embeddable":true,"href":"https:\/\/laultimapalabra.com.mx\/portal\/wp-json\/wp\/v2\/categories?post=119766"},{"taxonomy":"post_tag","embeddable":true,"href":"https:\/\/laultimapalabra.com.mx\/portal\/wp-json\/wp\/v2\/tags?post=119766"}],"curies":[{"name":"wp","href":"https:\/\/api.w.org\/{rel}","templated":true}]}}