                       {"id":119795,"date":"2026-08-30T16:41:58","date_gmt":"2026-08-30T22:41:58","guid":{"rendered":"https:\/\/laultimapalabra.com.mx\/portal\/?p=119795"},"modified":"2026-08-30T16:41:58","modified_gmt":"2026-08-30T22:41:58","slug":"fuerte-accidente-la-madrugada-de-este-domingo-en-cadereyta","status":"publish","type":"post","link":"https:\/\/laultimapalabra.com.mx\/portal\/fuerte-accidente-la-madrugada-de-este-domingo-en-cadereyta\/","title":{"rendered":"Fuerte accidente la madrugada de este domingo en Cadereyta"},"content":{"rendered":"<p>&nbsp;<\/p>\n<p>Este domingo alrededor de las 2:30 de la madrugada, se registr\u00f3 un fuerte accidente vial.<\/p>\n<p>Un veh\u00edculo Toyota en color gris se subi\u00f3 al camell\u00f3n central de la avenida escoberos e impact\u00f3 contra una luminaria, quedando varado en el lugar.<\/p>\n<p><img loading=\"lazy\" decoding=\"async\" class=\"alignnone size-medium wp-image-119797\" src=\"https:\/\/laultimapalabra.com.mx\/portal\/wp-content\/uploads\/2026\/08\/a3a8cfcb-a2de-4b5c-a490-96a917493608-300x225.jpeg\" alt=\"\" width=\"300\" height=\"225\" srcset=\"https:\/\/laultimapalabra.com.mx\/portal\/wp-content\/uploads\/2026\/08\/a3a8cfcb-a2de-4b5c-a490-96a917493608-300x225.jpeg 300w, https:\/\/laultimapalabra.com.mx\/portal\/wp-content\/uploads\/2026\/08\/a3a8cfcb-a2de-4b5c-a490-96a917493608-1024x768.jpeg 1024w, https:\/\/laultimapalabra.com.mx\/portal\/wp-content\/uploads\/2026\/08\/a3a8cfcb-a2de-4b5c-a490-96a917493608-768x576.jpeg 768w, https:\/\/laultimapalabra.com.mx\/portal\/wp-content\/uploads\/2026\/08\/a3a8cfcb-a2de-4b5c-a490-96a917493608-1536x1152.jpeg 1536w, https:\/\/laultimapalabra.com.mx\/portal\/wp-content\/uploads\/2026\/08\/a3a8cfcb-a2de-4b5c-a490-96a917493608.jpeg 1600w\" sizes=\"auto, (max-width: 300px) 100vw, 300px\" \/><img loading=\"lazy\" decoding=\"async\" class=\"alignnone size-medium wp-image-119796\" src=\"https:\/\/laultimapalabra.com.mx\/portal\/wp-content\/uploads\/2026\/08\/595c27c3-ec54-44a9-9b63-dd57201d57cc-300x225.jpeg\" alt=\"\" width=\"300\" height=\"225\" srcset=\"https:\/\/laultimapalabra.com.mx\/portal\/wp-content\/uploads\/2026\/08\/595c27c3-ec54-44a9-9b63-dd57201d57cc-300x225.jpeg 300w, https:\/\/laultimapalabra.com.mx\/portal\/wp-content\/uploads\/2026\/08\/595c27c3-ec54-44a9-9b63-dd57201d57cc-1024x768.jpeg 1024w, https:\/\/laultimapalabra.com.mx\/portal\/wp-content\/uploads\/2026\/08\/595c27c3-ec54-44a9-9b63-dd57201d57cc-768x576.jpeg 768w, https:\/\/laultimapalabra.com.mx\/portal\/wp-content\/uploads\/2026\/08\/595c27c3-ec54-44a9-9b63-dd57201d57cc-1536x1152.jpeg 1536w, https:\/\/laultimapalabra.com.mx\/portal\/wp-content\/uploads\/2026\/08\/595c27c3-ec54-44a9-9b63-dd57201d57cc.jpeg 1600w\" sizes=\"auto, (max-width: 300px) 100vw, 300px\" \/><\/p>\n<p><img loading=\"lazy\" decoding=\"async\" class=\"alignnone size-medium wp-image-119800\" src=\"https:\/\/laultimapalabra.com.mx\/portal\/wp-content\/uploads\/2026\/08\/c7aedeb3-4ec4-4a46-a639-6bdd0b3544fd-300x225.jpeg\" alt=\"\" width=\"300\" height=\"225\" srcset=\"https:\/\/laultimapalabra.com.mx\/portal\/wp-content\/uploads\/2026\/08\/c7aedeb3-4ec4-4a46-a639-6bdd0b3544fd-300x225.jpeg 300w, https:\/\/laultimapalabra.com.mx\/portal\/wp-content\/uploads\/2026\/08\/c7aedeb3-4ec4-4a46-a639-6bdd0b3544fd-1024x768.jpeg 1024w, https:\/\/laultimapalabra.com.mx\/portal\/wp-content\/uploads\/2026\/08\/c7aedeb3-4ec4-4a46-a639-6bdd0b3544fd-768x576.jpeg 768w, https:\/\/laultimapalabra.com.mx\/portal\/wp-content\/uploads\/2026\/08\/c7aedeb3-4ec4-4a46-a639-6bdd0b3544fd-1536x1152.jpeg 1536w, https:\/\/laultimapalabra.com.mx\/portal\/wp-content\/uploads\/2026\/08\/c7aedeb3-4ec4-4a46-a639-6bdd0b3544fd.jpeg 1600w\" sizes=\"auto, (max-width: 300px) 100vw, 300px\" \/><img loading=\"lazy\" decoding=\"async\" class=\"alignnone size-medium wp-image-119799\" src=\"https:\/\/laultimapalabra.com.mx\/portal\/wp-content\/uploads\/2026\/08\/311ce2c0-ffcc-448b-a9cc-f790a9e5fc3c-300x225.jpeg\" alt=\"\" width=\"300\" height=\"225\" srcset=\"https:\/\/laultimapalabra.com.mx\/portal\/wp-content\/uploads\/2026\/08\/311ce2c0-ffcc-448b-a9cc-f790a9e5fc3c-300x225.jpeg 300w, https:\/\/laultimapalabra.com.mx\/portal\/wp-content\/uploads\/2026\/08\/311ce2c0-ffcc-448b-a9cc-f790a9e5fc3c-1024x768.jpeg 1024w, https:\/\/laultimapalabra.com.mx\/portal\/wp-content\/uploads\/2026\/08\/311ce2c0-ffcc-448b-a9cc-f790a9e5fc3c-768x576.jpeg 768w, https:\/\/laultimapalabra.com.mx\/portal\/wp-content\/uploads\/2026\/08\/311ce2c0-ffcc-448b-a9cc-f790a9e5fc3c-1536x1152.jpeg 1536w, https:\/\/laultimapalabra.com.mx\/portal\/wp-content\/uploads\/2026\/08\/311ce2c0-ffcc-448b-a9cc-f790a9e5fc3c.jpeg 1600w\" sizes=\"auto, (max-width: 300px) 100vw, 300px\" \/><img loading=\"lazy\" decoding=\"async\" class=\"alignnone size-medium wp-image-119798\" src=\"https:\/\/laultimapalabra.com.mx\/portal\/wp-content\/uploads\/2026\/08\/ded237c9-052b-4f6b-9c42-8cb6be3879c5-300x225.jpeg\" alt=\"\" width=\"300\" height=\"225\" srcset=\"https:\/\/laultimapalabra.com.mx\/portal\/wp-content\/uploads\/2026\/08\/ded237c9-052b-4f6b-9c42-8cb6be3879c5-300x225.jpeg 300w, https:\/\/laultimapalabra.com.mx\/portal\/wp-content\/uploads\/2026\/08\/ded237c9-052b-4f6b-9c42-8cb6be3879c5-1024x768.jpeg 1024w, https:\/\/laultimapalabra.com.mx\/portal\/wp-content\/uploads\/2026\/08\/ded237c9-052b-4f6b-9c42-8cb6be3879c5-768x576.jpeg 768w, https:\/\/laultimapalabra.com.mx\/portal\/wp-content\/uploads\/2026\/08\/ded237c9-052b-4f6b-9c42-8cb6be3879c5-1536x1152.jpeg 1536w, https:\/\/laultimapalabra.com.mx\/portal\/wp-content\/uploads\/2026\/08\/ded237c9-052b-4f6b-9c42-8cb6be3879c5.jpeg 1600w\" sizes=\"auto, (max-width: 300px) 100vw, 300px\" \/><\/p>\n<p>De acuerdo con la informaci\u00f3n, las personas que viajaban a bordo del veh\u00edculo se dieron a la fuga, dejando la unidad abandonada.<\/p>\n<p>Al sitio acudieron elementos de Tr\u00e1nsito, quienes se encargaron de retirar el veh\u00edculo de la zona.<\/p>\n<p>Se reportaron solo da\u00f1os materiales y afectaci\u00f3nes a la propiedad p\u00fablica.<\/p>\n","protected":false},"excerpt":{"rendered":"<p>&nbsp; Este domingo alrededor de las 2:30 de la madrugada, se registr\u00f3 un fuerte accidente vial. Un veh\u00edculo Toyota en color gris se subi\u00f3 al camell\u00f3n central de la avenida escoberos e impact\u00f3 contra una luminaria, quedando varado en el lugar. De acuerdo con la informaci\u00f3n, las personas que viajaban a bordo del veh\u00edculo se [&hellip;]<\/p>\n","protected":false},"author":14,"featured_media":119797,"comment_status":"closed","ping_status":"closed","sticky":false,"template":"","format":"standard","meta":{"footnotes":""},"categories":[6805],"tags":[],"class_list":["post-119795","post","type-post","status-publish","format-standard","has-post-thumbnail","hentry","category-accidentes"],"_links":{"self":[{"href":"https:\/\/laultimapalabra.com.mx\/portal\/wp-json\/wp\/v2\/posts\/119795","targetHints":{"allow":["GET"]}}],"collection":[{"href":"https:\/\/laultimapalabra.com.mx\/portal\/wp-json\/wp\/v2\/posts"}],"about":[{"href":"https:\/\/laultimapalabra.com.mx\/portal\/wp-json\/wp\/v2\/types\/post"}],"author":[{"embeddable":true,"href":"https:\/\/laultimapalabra.com.mx\/portal\/wp-json\/wp\/v2\/users\/14"}],"replies":[{"embeddable":true,"href":"https:\/\/laultimapalabra.com.mx\/portal\/wp-json\/wp\/v2\/comments?post=119795"}],"version-history":[{"count":1,"href":"https:\/\/laultimapalabra.com.mx\/portal\/wp-json\/wp\/v2\/posts\/119795\/revisions"}],"predecessor-version":[{"id":119801,"href":"https:\/\/laultimapalabra.com.mx\/portal\/wp-json\/wp\/v2\/posts\/119795\/revisions\/119801"}],"wp:featuredmedia":[{"embeddable":true,"href":"https:\/\/laultimapalabra.com.mx\/portal\/wp-json\/wp\/v2\/media\/119797"}],"wp:attachment":[{"href":"https:\/\/laultimapalabra.com.mx\/portal\/wp-json\/wp\/v2\/media?parent=119795"}],"wp:term":[{"taxonomy":"category","embeddable":true,"href":"https:\/\/laultimapalabra.com.mx\/portal\/wp-json\/wp\/v2\/categories?post=119795"},{"taxonomy":"post_tag","embeddable":true,"href":"https:\/\/laultimapalabra.com.mx\/portal\/wp-json\/wp\/v2\/tags?post=119795"}],"curies":[{"name":"wp","href":"https:\/\/api.w.org\/{rel}","templated":true}]}}