                       {"id":119802,"date":"2026-08-30T22:37:49","date_gmt":"2026-08-31T04:37:49","guid":{"rendered":"https:\/\/laultimapalabra.com.mx\/portal\/?p=119802"},"modified":"2026-08-30T22:37:49","modified_gmt":"2026-08-31T04:37:49","slug":"desaparece-menor-en-valle-real","status":"publish","type":"post","link":"https:\/\/laultimapalabra.com.mx\/portal\/desaparece-menor-en-valle-real\/","title":{"rendered":"Desaparece menor en Valle Real"},"content":{"rendered":"<p>Ju\u00e1rez, N.L.- Una jovencita desapareci\u00f3 el pasado 28 de agosto en la colonia Valle Real, por lo que se activ\u00f3 el dispositivo de b\u00fasqueda de parte del Grupos Especializado de B\u00fasqueda Inmediata. (GEBI)<br \/>\nZaida Michel Guajardo De Le\u00f3n, de 17 a\u00f1os de edad, ya se hab\u00eda extraviado el pasado mes de julio, pero en aquella ocasi\u00f3n fue localizada sana y salva.<br \/>\nLa jovencita viste una blusa naranja, pantal\u00f3n negro y tenis negros<br \/>\nEntre sus caracter\u00edsticas f\u00edsicas, mide 1.67, tiene cabello lacio, casta\u00f1o obscuro, nariz roja y nariz recta,<br \/>\nQuien tiene alg\u00fan dato que pueda servir para su localizaci\u00f3n favor de marcar a los tel\u00e9fonos del GEBI: 8120204411 y 8119903873.<\/p>\n","protected":false},"excerpt":{"rendered":"<p>Ju\u00e1rez, N.L.- Una jovencita desapareci\u00f3 el pasado 28 de agosto en la colonia Valle Real, por lo que se activ\u00f3 el dispositivo de b\u00fasqueda de parte del Grupos Especializado de B\u00fasqueda Inmediata. (GEBI) Zaida Michel Guajardo De Le\u00f3n, de 17 a\u00f1os de edad, ya se hab\u00eda extraviado el pasado mes de julio, pero en aquella [&hellip;]<\/p>\n","protected":false},"author":14,"featured_media":119803,"comment_status":"closed","ping_status":"closed","sticky":false,"template":"","format":"standard","meta":{"footnotes":""},"categories":[4272],"tags":[],"class_list":["post-119802","post","type-post","status-publish","format-standard","has-post-thumbnail","hentry","category-reportes-de-busqueda"],"_links":{"self":[{"href":"https:\/\/laultimapalabra.com.mx\/portal\/wp-json\/wp\/v2\/posts\/119802","targetHints":{"allow":["GET"]}}],"collection":[{"href":"https:\/\/laultimapalabra.com.mx\/portal\/wp-json\/wp\/v2\/posts"}],"about":[{"href":"https:\/\/laultimapalabra.com.mx\/portal\/wp-json\/wp\/v2\/types\/post"}],"author":[{"embeddable":true,"href":"https:\/\/laultimapalabra.com.mx\/portal\/wp-json\/wp\/v2\/users\/14"}],"replies":[{"embeddable":true,"href":"https:\/\/laultimapalabra.com.mx\/portal\/wp-json\/wp\/v2\/comments?post=119802"}],"version-history":[{"count":1,"href":"https:\/\/laultimapalabra.com.mx\/portal\/wp-json\/wp\/v2\/posts\/119802\/revisions"}],"predecessor-version":[{"id":119804,"href":"https:\/\/laultimapalabra.com.mx\/portal\/wp-json\/wp\/v2\/posts\/119802\/revisions\/119804"}],"wp:featuredmedia":[{"embeddable":true,"href":"https:\/\/laultimapalabra.com.mx\/portal\/wp-json\/wp\/v2\/media\/119803"}],"wp:attachment":[{"href":"https:\/\/laultimapalabra.com.mx\/portal\/wp-json\/wp\/v2\/media?parent=119802"}],"wp:term":[{"taxonomy":"category","embeddable":true,"href":"https:\/\/laultimapalabra.com.mx\/portal\/wp-json\/wp\/v2\/categories?post=119802"},{"taxonomy":"post_tag","embeddable":true,"href":"https:\/\/laultimapalabra.com.mx\/portal\/wp-json\/wp\/v2\/tags?post=119802"}],"curies":[{"name":"wp","href":"https:\/\/api.w.org\/{rel}","templated":true}]}}