                       {"id":119836,"date":"2026-08-31T15:00:07","date_gmt":"2026-08-31T21:00:07","guid":{"rendered":"https:\/\/laultimapalabra.com.mx\/portal\/?p=119836"},"modified":"2026-08-31T15:00:07","modified_gmt":"2026-08-31T21:00:07","slug":"arranca-nuevo-ciclo-escolar-en-juarez","status":"publish","type":"post","link":"https:\/\/laultimapalabra.com.mx\/portal\/arranca-nuevo-ciclo-escolar-en-juarez\/","title":{"rendered":"Arranca nuevo ciclo escolar en Ju\u00e1rez"},"content":{"rendered":"<p>Ju\u00e1rez, N.L.- con un saldo blanco y sin incidentes, miles de alumnos de los planteles p\u00fablicos de los tres niveles educativos, regresaron a las aulas el d\u00eda de hoy en Ju\u00e1rez, Nuevo Le\u00f3n.<br \/>\nCon un ambiente de fiesta, entre prisas y algunos con retrasos, pero todos llenaron los planteles escolares en este municipio, que cuenta con m\u00e1s de medio mill\u00f3n de habitantes.<br \/>\nEn algunos planteles se reportaron algunos congestionamientos viales, sin embargo nada relevante, al igual los cambios de turno de matutino a vespertino, hubo orden y mucha actividad.<br \/>\nPor otra parte, el gobernador del estado eligi\u00f3 Ju\u00e1rez para iniciar el ciclo escolar con la inauguraci\u00f3n de una nueva secundaria en la colonias Vistas de San Juan.<\/p>\n","protected":false},"excerpt":{"rendered":"<p>Ju\u00e1rez, N.L.- con un saldo blanco y sin incidentes, miles de alumnos de los planteles p\u00fablicos de los tres niveles educativos, regresaron a las aulas el d\u00eda de hoy en Ju\u00e1rez, Nuevo Le\u00f3n. Con un ambiente de fiesta, entre prisas y algunos con retrasos, pero todos llenaron los planteles escolares en este municipio, que cuenta [&hellip;]<\/p>\n","protected":false},"author":14,"featured_media":119837,"comment_status":"closed","ping_status":"closed","sticky":false,"template":"","format":"standard","meta":{"footnotes":""},"categories":[18],"tags":[],"class_list":["post-119836","post","type-post","status-publish","format-standard","has-post-thumbnail","hentry","category-locales-juarez"],"_links":{"self":[{"href":"https:\/\/laultimapalabra.com.mx\/portal\/wp-json\/wp\/v2\/posts\/119836","targetHints":{"allow":["GET"]}}],"collection":[{"href":"https:\/\/laultimapalabra.com.mx\/portal\/wp-json\/wp\/v2\/posts"}],"about":[{"href":"https:\/\/laultimapalabra.com.mx\/portal\/wp-json\/wp\/v2\/types\/post"}],"author":[{"embeddable":true,"href":"https:\/\/laultimapalabra.com.mx\/portal\/wp-json\/wp\/v2\/users\/14"}],"replies":[{"embeddable":true,"href":"https:\/\/laultimapalabra.com.mx\/portal\/wp-json\/wp\/v2\/comments?post=119836"}],"version-history":[{"count":1,"href":"https:\/\/laultimapalabra.com.mx\/portal\/wp-json\/wp\/v2\/posts\/119836\/revisions"}],"predecessor-version":[{"id":119838,"href":"https:\/\/laultimapalabra.com.mx\/portal\/wp-json\/wp\/v2\/posts\/119836\/revisions\/119838"}],"wp:featuredmedia":[{"embeddable":true,"href":"https:\/\/laultimapalabra.com.mx\/portal\/wp-json\/wp\/v2\/media\/119837"}],"wp:attachment":[{"href":"https:\/\/laultimapalabra.com.mx\/portal\/wp-json\/wp\/v2\/media?parent=119836"}],"wp:term":[{"taxonomy":"category","embeddable":true,"href":"https:\/\/laultimapalabra.com.mx\/portal\/wp-json\/wp\/v2\/categories?post=119836"},{"taxonomy":"post_tag","embeddable":true,"href":"https:\/\/laultimapalabra.com.mx\/portal\/wp-json\/wp\/v2\/tags?post=119836"}],"curies":[{"name":"wp","href":"https:\/\/api.w.org\/{rel}","templated":true}]}}