                       {"id":119857,"date":"2026-09-01T12:51:15","date_gmt":"2026-09-01T18:51:15","guid":{"rendered":"https:\/\/laultimapalabra.com.mx\/portal\/?p=119857"},"modified":"2026-09-01T12:51:15","modified_gmt":"2026-09-01T18:51:15","slug":"invita-dif-cadereyta-a-curso-de-mesa-de-postres","status":"publish","type":"post","link":"https:\/\/laultimapalabra.com.mx\/portal\/invita-dif-cadereyta-a-curso-de-mesa-de-postres\/","title":{"rendered":"Invita DIF Cadereyta a curso de Mesa de postres"},"content":{"rendered":"<p>&nbsp;<\/p>\n<p>Cadereyta, N.L.- El Sistema DIF Cadereyta invita a formar parte del curso de Mesa de postres que se llevar\u00e1 a cabo del 02 al 04 de septiembre del 2026, en horarios matutino y vespertino.<\/p>\n<p>El curso est\u00e1 orientado al desarrollo y fortalecimiento de las mujeres y cuenta con cupo limitado.<\/p>\n<p>Se impartir\u00e1 en dos grupos:<\/p>\n<p>Grupo Matutino: de 9:30 de la ma\u00f1ana a 12:00 del mediod\u00eda<br \/>\nGrupo Vespertino: de 1:30 a 3:30 de la tarde<\/p>\n<p>La sede ser\u00e1 en el CCADIM, ubicado en Progreso 309 Sur, en el Centro de Cadereyta Jim\u00e9nez.<\/p>\n<p>Para m\u00e1s informaci\u00f3n e inscripciones, las interesadas pueden comunicarse al 828 280 61 31 o consultar la p\u00e1gina de CCADIM-Cadereyta.<\/p>\n","protected":false},"excerpt":{"rendered":"<p>&nbsp; Cadereyta, N.L.- El Sistema DIF Cadereyta invita a formar parte del curso de Mesa de postres que se llevar\u00e1 a cabo del 02 al 04 de septiembre del 2026, en horarios matutino y vespertino. El curso est\u00e1 orientado al desarrollo y fortalecimiento de las mujeres y cuenta con cupo limitado. Se impartir\u00e1 en dos [&hellip;]<\/p>\n","protected":false},"author":14,"featured_media":119869,"comment_status":"closed","ping_status":"closed","sticky":false,"template":"","format":"standard","meta":{"footnotes":""},"categories":[17],"tags":[],"class_list":["post-119857","post","type-post","status-publish","format-standard","has-post-thumbnail","hentry","category-locales-cadereyta"],"_links":{"self":[{"href":"https:\/\/laultimapalabra.com.mx\/portal\/wp-json\/wp\/v2\/posts\/119857","targetHints":{"allow":["GET"]}}],"collection":[{"href":"https:\/\/laultimapalabra.com.mx\/portal\/wp-json\/wp\/v2\/posts"}],"about":[{"href":"https:\/\/laultimapalabra.com.mx\/portal\/wp-json\/wp\/v2\/types\/post"}],"author":[{"embeddable":true,"href":"https:\/\/laultimapalabra.com.mx\/portal\/wp-json\/wp\/v2\/users\/14"}],"replies":[{"embeddable":true,"href":"https:\/\/laultimapalabra.com.mx\/portal\/wp-json\/wp\/v2\/comments?post=119857"}],"version-history":[{"count":1,"href":"https:\/\/laultimapalabra.com.mx\/portal\/wp-json\/wp\/v2\/posts\/119857\/revisions"}],"predecessor-version":[{"id":119870,"href":"https:\/\/laultimapalabra.com.mx\/portal\/wp-json\/wp\/v2\/posts\/119857\/revisions\/119870"}],"wp:featuredmedia":[{"embeddable":true,"href":"https:\/\/laultimapalabra.com.mx\/portal\/wp-json\/wp\/v2\/media\/119869"}],"wp:attachment":[{"href":"https:\/\/laultimapalabra.com.mx\/portal\/wp-json\/wp\/v2\/media?parent=119857"}],"wp:term":[{"taxonomy":"category","embeddable":true,"href":"https:\/\/laultimapalabra.com.mx\/portal\/wp-json\/wp\/v2\/categories?post=119857"},{"taxonomy":"post_tag","embeddable":true,"href":"https:\/\/laultimapalabra.com.mx\/portal\/wp-json\/wp\/v2\/tags?post=119857"}],"curies":[{"name":"wp","href":"https:\/\/api.w.org\/{rel}","templated":true}]}}