                       {"id":119873,"date":"2026-09-01T14:32:00","date_gmt":"2026-09-01T20:32:00","guid":{"rendered":"https:\/\/laultimapalabra.com.mx\/portal\/?p=119873"},"modified":"2026-09-01T14:32:00","modified_gmt":"2026-09-01T20:32:00","slug":"techo-a-punto-de-caer-en-kinder-de-juarez","status":"publish","type":"post","link":"https:\/\/laultimapalabra.com.mx\/portal\/techo-a-punto-de-caer-en-kinder-de-juarez\/","title":{"rendered":"Techo a punto de caer en k\u00ednder de Ju\u00e1rez"},"content":{"rendered":"<p>Ju\u00e1rez, N.L.- Algunos padres de familia mostraron su inconformidad contra la directora del jard\u00edn de ni\u00f1os \u201cMelchor Ocampo\u201d, en la colonia Garza y Garza, por las serias irregularidades en el plantel.<br \/>\nMencionaron que hay un techo a punto de caer en la entrada de los ba\u00f1os, que representa un serio peligro para los ni\u00f1os.<\/p>\n<p><img loading=\"lazy\" decoding=\"async\" class=\"alignnone size-medium wp-image-119875\" src=\"https:\/\/laultimapalabra.com.mx\/portal\/wp-content\/uploads\/2026\/09\/WhatsApp-Image-2026-09-01-at-12.30.11-PM-225x300.jpeg\" alt=\"\" width=\"225\" height=\"300\" srcset=\"https:\/\/laultimapalabra.com.mx\/portal\/wp-content\/uploads\/2026\/09\/WhatsApp-Image-2026-09-01-at-12.30.11-PM-225x300.jpeg 225w, https:\/\/laultimapalabra.com.mx\/portal\/wp-content\/uploads\/2026\/09\/WhatsApp-Image-2026-09-01-at-12.30.11-PM-768x1024.jpeg 768w, https:\/\/laultimapalabra.com.mx\/portal\/wp-content\/uploads\/2026\/09\/WhatsApp-Image-2026-09-01-at-12.30.11-PM-1152x1536.jpeg 1152w, https:\/\/laultimapalabra.com.mx\/portal\/wp-content\/uploads\/2026\/09\/WhatsApp-Image-2026-09-01-at-12.30.11-PM.jpeg 1200w\" sizes=\"auto, (max-width: 225px) 100vw, 225px\" \/> <img loading=\"lazy\" decoding=\"async\" class=\"alignnone size-medium wp-image-119874\" src=\"https:\/\/laultimapalabra.com.mx\/portal\/wp-content\/uploads\/2026\/09\/WhatsApp-Image-2026-09-01-at-12.30.11-PM-1-300x182.jpeg\" alt=\"\" width=\"300\" height=\"182\" srcset=\"https:\/\/laultimapalabra.com.mx\/portal\/wp-content\/uploads\/2026\/09\/WhatsApp-Image-2026-09-01-at-12.30.11-PM-1-300x182.jpeg 300w, https:\/\/laultimapalabra.com.mx\/portal\/wp-content\/uploads\/2026\/09\/WhatsApp-Image-2026-09-01-at-12.30.11-PM-1-1024x620.jpeg 1024w, https:\/\/laultimapalabra.com.mx\/portal\/wp-content\/uploads\/2026\/09\/WhatsApp-Image-2026-09-01-at-12.30.11-PM-1-768x465.jpeg 768w, https:\/\/laultimapalabra.com.mx\/portal\/wp-content\/uploads\/2026\/09\/WhatsApp-Image-2026-09-01-at-12.30.11-PM-1.jpeg 1124w\" sizes=\"auto, (max-width: 300px) 100vw, 300px\" \/><br \/>\nEse lugar estaba acordonado desde el ciclo escolar pasado por Protecci\u00f3n Civil, que consider\u00f3 un sitio de riesgo, sin embargo la directora el d\u00eda de ayer rompi\u00f3 el encintado para usar los ba\u00f1os.<br \/>\nAgregaron tambi\u00e9n que hay un grupo que estudia en un lugar que mide 2.5 metros por 2.5 metros, mientras la inspectora mantiene un lugar m\u00e1s amplio que utiliza como oficina.<br \/>\nLa directora del turno matutino, Mar\u00eda In\u00e9s Santill\u00e1n, no hace el cambio para no \u201cincomodar\u201d a la inspectora, a pesar de que en Regi\u00f3n 8 les dijeron que los ni\u00f1os son prioridad.<\/p>\n","protected":false},"excerpt":{"rendered":"<p>Ju\u00e1rez, N.L.- Algunos padres de familia mostraron su inconformidad contra la directora del jard\u00edn de ni\u00f1os \u201cMelchor Ocampo\u201d, en la colonia Garza y Garza, por las serias irregularidades en el plantel. Mencionaron que hay un techo a punto de caer en la entrada de los ba\u00f1os, que representa un serio peligro para los ni\u00f1os. Ese [&hellip;]<\/p>\n","protected":false},"author":14,"featured_media":119874,"comment_status":"closed","ping_status":"closed","sticky":false,"template":"","format":"standard","meta":{"footnotes":""},"categories":[18],"tags":[],"class_list":["post-119873","post","type-post","status-publish","format-standard","has-post-thumbnail","hentry","category-locales-juarez"],"_links":{"self":[{"href":"https:\/\/laultimapalabra.com.mx\/portal\/wp-json\/wp\/v2\/posts\/119873","targetHints":{"allow":["GET"]}}],"collection":[{"href":"https:\/\/laultimapalabra.com.mx\/portal\/wp-json\/wp\/v2\/posts"}],"about":[{"href":"https:\/\/laultimapalabra.com.mx\/portal\/wp-json\/wp\/v2\/types\/post"}],"author":[{"embeddable":true,"href":"https:\/\/laultimapalabra.com.mx\/portal\/wp-json\/wp\/v2\/users\/14"}],"replies":[{"embeddable":true,"href":"https:\/\/laultimapalabra.com.mx\/portal\/wp-json\/wp\/v2\/comments?post=119873"}],"version-history":[{"count":1,"href":"https:\/\/laultimapalabra.com.mx\/portal\/wp-json\/wp\/v2\/posts\/119873\/revisions"}],"predecessor-version":[{"id":119876,"href":"https:\/\/laultimapalabra.com.mx\/portal\/wp-json\/wp\/v2\/posts\/119873\/revisions\/119876"}],"wp:featuredmedia":[{"embeddable":true,"href":"https:\/\/laultimapalabra.com.mx\/portal\/wp-json\/wp\/v2\/media\/119874"}],"wp:attachment":[{"href":"https:\/\/laultimapalabra.com.mx\/portal\/wp-json\/wp\/v2\/media?parent=119873"}],"wp:term":[{"taxonomy":"category","embeddable":true,"href":"https:\/\/laultimapalabra.com.mx\/portal\/wp-json\/wp\/v2\/categories?post=119873"},{"taxonomy":"post_tag","embeddable":true,"href":"https:\/\/laultimapalabra.com.mx\/portal\/wp-json\/wp\/v2\/tags?post=119873"}],"curies":[{"name":"wp","href":"https:\/\/api.w.org\/{rel}","templated":true}]}}