                       {"id":119886,"date":"2026-09-01T15:12:35","date_gmt":"2026-09-01T21:12:35","guid":{"rendered":"https:\/\/laultimapalabra.com.mx\/portal\/?p=119886"},"modified":"2026-09-01T15:12:35","modified_gmt":"2026-09-01T21:12:35","slug":"se-acomodan-fichas-para-juarez-en-el-2027-por-el-mc","status":"publish","type":"post","link":"https:\/\/laultimapalabra.com.mx\/portal\/se-acomodan-fichas-para-juarez-en-el-2027-por-el-mc\/","title":{"rendered":"Se acomodan fichas para Ju\u00e1rez en el 2027 por el MC"},"content":{"rendered":"<p>Ju\u00e1rez, N.L.- En una reuni\u00f3n partidista en el Hotel Barcel\u00f3 de San Pedro, Movimiento Ciudadano dio a conocer una lista de aspirante para los diferentes puestos de elecci\u00f3n popular en la pr\u00f3xima contienda electoral.<br \/>\nTrascendi\u00f3 que la alcaldesa M\u00f3nica Oyervides ser\u00eda perfilada para contender por la presidencia municipal de Ju\u00e1rez, para mantener la alcald\u00eda para su partido.<br \/>\nPor otra parte para el Distrito 22 local, Mario Salinas Trevi\u00f1o, buscar\u00eda la reelecci\u00f3n, mientras que para el Distrito 23 local, ser\u00eda la actual secretaria de Desarrollo Social, Ana Karen Tamez Fern\u00e1ndez.<br \/>\nA nivel federal, Am\u00e9rico Garza Salinas estar\u00eda contendiendo por la diputaci\u00f3n del Distrito 12 que corresponde a Ju\u00e1rez.<br \/>\nEl total del estado ser dio a conocer en la reuni\u00f3n a la que asisti\u00f3 Samuel Garcia y su esposa Mariana Rodr\u00edguez, en d\u00f3nde se comparti\u00f3 lo que ser\u00eda la lista de aspirantes, solo con los cambios que se podr\u00edan dar por paridad de g\u00e9nero, entre otros.<\/p>\n","protected":false},"excerpt":{"rendered":"<p>Ju\u00e1rez, N.L.- En una reuni\u00f3n partidista en el Hotel Barcel\u00f3 de San Pedro, Movimiento Ciudadano dio a conocer una lista de aspirante para los diferentes puestos de elecci\u00f3n popular en la pr\u00f3xima contienda electoral. Trascendi\u00f3 que la alcaldesa M\u00f3nica Oyervides ser\u00eda perfilada para contender por la presidencia municipal de Ju\u00e1rez, para mantener la alcald\u00eda para [&hellip;]<\/p>\n","protected":false},"author":14,"featured_media":119887,"comment_status":"closed","ping_status":"closed","sticky":false,"template":"","format":"standard","meta":{"footnotes":""},"categories":[18],"tags":[],"class_list":["post-119886","post","type-post","status-publish","format-standard","has-post-thumbnail","hentry","category-locales-juarez"],"_links":{"self":[{"href":"https:\/\/laultimapalabra.com.mx\/portal\/wp-json\/wp\/v2\/posts\/119886","targetHints":{"allow":["GET"]}}],"collection":[{"href":"https:\/\/laultimapalabra.com.mx\/portal\/wp-json\/wp\/v2\/posts"}],"about":[{"href":"https:\/\/laultimapalabra.com.mx\/portal\/wp-json\/wp\/v2\/types\/post"}],"author":[{"embeddable":true,"href":"https:\/\/laultimapalabra.com.mx\/portal\/wp-json\/wp\/v2\/users\/14"}],"replies":[{"embeddable":true,"href":"https:\/\/laultimapalabra.com.mx\/portal\/wp-json\/wp\/v2\/comments?post=119886"}],"version-history":[{"count":1,"href":"https:\/\/laultimapalabra.com.mx\/portal\/wp-json\/wp\/v2\/posts\/119886\/revisions"}],"predecessor-version":[{"id":119888,"href":"https:\/\/laultimapalabra.com.mx\/portal\/wp-json\/wp\/v2\/posts\/119886\/revisions\/119888"}],"wp:featuredmedia":[{"embeddable":true,"href":"https:\/\/laultimapalabra.com.mx\/portal\/wp-json\/wp\/v2\/media\/119887"}],"wp:attachment":[{"href":"https:\/\/laultimapalabra.com.mx\/portal\/wp-json\/wp\/v2\/media?parent=119886"}],"wp:term":[{"taxonomy":"category","embeddable":true,"href":"https:\/\/laultimapalabra.com.mx\/portal\/wp-json\/wp\/v2\/categories?post=119886"},{"taxonomy":"post_tag","embeddable":true,"href":"https:\/\/laultimapalabra.com.mx\/portal\/wp-json\/wp\/v2\/tags?post=119886"}],"curies":[{"name":"wp","href":"https:\/\/api.w.org\/{rel}","templated":true}]}}