                       {"id":119914,"date":"2026-09-02T14:28:31","date_gmt":"2026-09-02T20:28:31","guid":{"rendered":"https:\/\/laultimapalabra.com.mx\/portal\/?p=119914"},"modified":"2026-09-02T14:28:31","modified_gmt":"2026-09-02T20:28:31","slug":"llevaran-arte-en-tu-colonia-a-la-lazaro-cardenas-en-cadereyta","status":"publish","type":"post","link":"https:\/\/laultimapalabra.com.mx\/portal\/llevaran-arte-en-tu-colonia-a-la-lazaro-cardenas-en-cadereyta\/","title":{"rendered":"Llevar\u00e1n &#8220;Arte en tu Colonia&#8221; a la L\u00e1zaro C\u00e1rdenas en Cadereyta"},"content":{"rendered":"<p>&nbsp;<\/p>\n<p>Cadereyta, N.L.- El Gobierno Municipal de Cadereyta invita a los vecinos de la colonia L\u00e1zaro C\u00e1rdenas a disfrutar del programa &#8220;Arte en tu Colonia&#8221;.<\/p>\n<p>El evento se llevar\u00e1 a cabo este jueves 3 de septiembre a las 6:30 de la tarde en la plaza ubicada a un costado del Santuario de Guadalupe.<\/p>\n<p><img loading=\"lazy\" decoding=\"async\" class=\"alignnone size-medium wp-image-119909\" src=\"https:\/\/laultimapalabra.com.mx\/portal\/wp-content\/uploads\/2026\/09\/WhatsApp-Image-2026-09-02-at-12.30.43-PM-300x225.jpeg\" alt=\"\" width=\"300\" height=\"225\" srcset=\"https:\/\/laultimapalabra.com.mx\/portal\/wp-content\/uploads\/2026\/09\/WhatsApp-Image-2026-09-02-at-12.30.43-PM-300x225.jpeg 300w, https:\/\/laultimapalabra.com.mx\/portal\/wp-content\/uploads\/2026\/09\/WhatsApp-Image-2026-09-02-at-12.30.43-PM-1024x768.jpeg 1024w, https:\/\/laultimapalabra.com.mx\/portal\/wp-content\/uploads\/2026\/09\/WhatsApp-Image-2026-09-02-at-12.30.43-PM-768x576.jpeg 768w, https:\/\/laultimapalabra.com.mx\/portal\/wp-content\/uploads\/2026\/09\/WhatsApp-Image-2026-09-02-at-12.30.43-PM-1536x1152.jpeg 1536w, https:\/\/laultimapalabra.com.mx\/portal\/wp-content\/uploads\/2026\/09\/WhatsApp-Image-2026-09-02-at-12.30.43-PM.jpeg 1600w\" sizes=\"auto, (max-width: 300px) 100vw, 300px\" \/> <img loading=\"lazy\" decoding=\"async\" class=\"alignnone size-medium wp-image-119910\" src=\"https:\/\/laultimapalabra.com.mx\/portal\/wp-content\/uploads\/2026\/09\/WhatsApp-Image-2026-09-02-at-12.30.40-PM-300x225.jpeg\" alt=\"\" width=\"300\" height=\"225\" srcset=\"https:\/\/laultimapalabra.com.mx\/portal\/wp-content\/uploads\/2026\/09\/WhatsApp-Image-2026-09-02-at-12.30.40-PM-300x225.jpeg 300w, https:\/\/laultimapalabra.com.mx\/portal\/wp-content\/uploads\/2026\/09\/WhatsApp-Image-2026-09-02-at-12.30.40-PM-1024x768.jpeg 1024w, https:\/\/laultimapalabra.com.mx\/portal\/wp-content\/uploads\/2026\/09\/WhatsApp-Image-2026-09-02-at-12.30.40-PM-768x576.jpeg 768w, https:\/\/laultimapalabra.com.mx\/portal\/wp-content\/uploads\/2026\/09\/WhatsApp-Image-2026-09-02-at-12.30.40-PM-1536x1152.jpeg 1536w, https:\/\/laultimapalabra.com.mx\/portal\/wp-content\/uploads\/2026\/09\/WhatsApp-Image-2026-09-02-at-12.30.40-PM.jpeg 1600w\" sizes=\"auto, (max-width: 300px) 100vw, 300px\" \/> <img loading=\"lazy\" decoding=\"async\" class=\"alignnone size-medium wp-image-119908\" src=\"https:\/\/laultimapalabra.com.mx\/portal\/wp-content\/uploads\/2026\/09\/WhatsApp-Image-2026-09-02-at-12.30.43-PM-1-300x225.jpeg\" alt=\"\" width=\"300\" height=\"225\" srcset=\"https:\/\/laultimapalabra.com.mx\/portal\/wp-content\/uploads\/2026\/09\/WhatsApp-Image-2026-09-02-at-12.30.43-PM-1-300x225.jpeg 300w, https:\/\/laultimapalabra.com.mx\/portal\/wp-content\/uploads\/2026\/09\/WhatsApp-Image-2026-09-02-at-12.30.43-PM-1-1024x768.jpeg 1024w, https:\/\/laultimapalabra.com.mx\/portal\/wp-content\/uploads\/2026\/09\/WhatsApp-Image-2026-09-02-at-12.30.43-PM-1-768x576.jpeg 768w, https:\/\/laultimapalabra.com.mx\/portal\/wp-content\/uploads\/2026\/09\/WhatsApp-Image-2026-09-02-at-12.30.43-PM-1-1536x1152.jpeg 1536w, https:\/\/laultimapalabra.com.mx\/portal\/wp-content\/uploads\/2026\/09\/WhatsApp-Image-2026-09-02-at-12.30.43-PM-1.jpeg 1600w\" sizes=\"auto, (max-width: 300px) 100vw, 300px\" \/><\/p>\n<p>Se trata de una tarde llena de arte y cultura con actividades de pintura, presentaci\u00f3n de estudiantina, ballet, actividades de medio ambiente y la proyecci\u00f3n especial del documental &#8220;El Circo de las Mariposas&#8221;.<\/p>\n<p>El evento es totalmente gratuito y familiar, con el objetivo de acercar el arte y la cultura a todas las colonias del municipio.<\/p>\n","protected":false},"excerpt":{"rendered":"<p>&nbsp; Cadereyta, N.L.- El Gobierno Municipal de Cadereyta invita a los vecinos de la colonia L\u00e1zaro C\u00e1rdenas a disfrutar del programa &#8220;Arte en tu Colonia&#8221;. El evento se llevar\u00e1 a cabo este jueves 3 de septiembre a las 6:30 de la tarde en la plaza ubicada a un costado del Santuario de Guadalupe. Se trata [&hellip;]<\/p>\n","protected":false},"author":14,"featured_media":119909,"comment_status":"closed","ping_status":"closed","sticky":false,"template":"","format":"standard","meta":{"footnotes":""},"categories":[17],"tags":[],"class_list":["post-119914","post","type-post","status-publish","format-standard","has-post-thumbnail","hentry","category-locales-cadereyta"],"_links":{"self":[{"href":"https:\/\/laultimapalabra.com.mx\/portal\/wp-json\/wp\/v2\/posts\/119914","targetHints":{"allow":["GET"]}}],"collection":[{"href":"https:\/\/laultimapalabra.com.mx\/portal\/wp-json\/wp\/v2\/posts"}],"about":[{"href":"https:\/\/laultimapalabra.com.mx\/portal\/wp-json\/wp\/v2\/types\/post"}],"author":[{"embeddable":true,"href":"https:\/\/laultimapalabra.com.mx\/portal\/wp-json\/wp\/v2\/users\/14"}],"replies":[{"embeddable":true,"href":"https:\/\/laultimapalabra.com.mx\/portal\/wp-json\/wp\/v2\/comments?post=119914"}],"version-history":[{"count":1,"href":"https:\/\/laultimapalabra.com.mx\/portal\/wp-json\/wp\/v2\/posts\/119914\/revisions"}],"predecessor-version":[{"id":119915,"href":"https:\/\/laultimapalabra.com.mx\/portal\/wp-json\/wp\/v2\/posts\/119914\/revisions\/119915"}],"wp:featuredmedia":[{"embeddable":true,"href":"https:\/\/laultimapalabra.com.mx\/portal\/wp-json\/wp\/v2\/media\/119909"}],"wp:attachment":[{"href":"https:\/\/laultimapalabra.com.mx\/portal\/wp-json\/wp\/v2\/media?parent=119914"}],"wp:term":[{"taxonomy":"category","embeddable":true,"href":"https:\/\/laultimapalabra.com.mx\/portal\/wp-json\/wp\/v2\/categories?post=119914"},{"taxonomy":"post_tag","embeddable":true,"href":"https:\/\/laultimapalabra.com.mx\/portal\/wp-json\/wp\/v2\/tags?post=119914"}],"curies":[{"name":"wp","href":"https:\/\/api.w.org\/{rel}","templated":true}]}}