                       {"id":119936,"date":"2026-09-03T14:04:10","date_gmt":"2026-09-03T20:04:10","guid":{"rendered":"https:\/\/laultimapalabra.com.mx\/portal\/?p=119936"},"modified":"2026-09-03T14:04:10","modified_gmt":"2026-09-03T20:04:10","slug":"de7ienen-en-juarez-a-hom1cida-de-veracruz","status":"publish","type":"post","link":"https:\/\/laultimapalabra.com.mx\/portal\/de7ienen-en-juarez-a-hom1cida-de-veracruz\/","title":{"rendered":"De7ienen en Ju\u00e1rez a hom1cida de Veracruz"},"content":{"rendered":"<p>Ju\u00e1rez, N.L.- Un hombre que era buscado por un hom1cidio en la ciudad de Tuxpan, Veracruz, se encontraba oculto desde hace seis a\u00f1os en Ju\u00e1rez, Nuevo Le\u00f3n, donde fue de7enido.<br \/>\nAd\u00e1n \u201cN\u201d alias El G\u00fcero\u201d era buscado desde el a\u00f1o 2020 por la presunta mu3rte de Gabriel Machuca Francisco el 13 de diciembre del 2020, para huir y ocultarse en esta ciudad.<\/p>\n<p><img loading=\"lazy\" decoding=\"async\" class=\"alignnone size-medium wp-image-119947\" src=\"https:\/\/laultimapalabra.com.mx\/portal\/wp-content\/uploads\/2026\/09\/WhatsApp-Image-2026-09-03-at-11.37.17-AM-1-300x129.jpeg\" alt=\"\" width=\"300\" height=\"129\" srcset=\"https:\/\/laultimapalabra.com.mx\/portal\/wp-content\/uploads\/2026\/09\/WhatsApp-Image-2026-09-03-at-11.37.17-AM-1-300x129.jpeg 300w, https:\/\/laultimapalabra.com.mx\/portal\/wp-content\/uploads\/2026\/09\/WhatsApp-Image-2026-09-03-at-11.37.17-AM-1-1024x442.jpeg 1024w, https:\/\/laultimapalabra.com.mx\/portal\/wp-content\/uploads\/2026\/09\/WhatsApp-Image-2026-09-03-at-11.37.17-AM-1-768x331.jpeg 768w, https:\/\/laultimapalabra.com.mx\/portal\/wp-content\/uploads\/2026\/09\/WhatsApp-Image-2026-09-03-at-11.37.17-AM-1-1536x662.jpeg 1536w, https:\/\/laultimapalabra.com.mx\/portal\/wp-content\/uploads\/2026\/09\/WhatsApp-Image-2026-09-03-at-11.37.17-AM-1.jpeg 1600w\" sizes=\"auto, (max-width: 300px) 100vw, 300px\" \/><br \/>\nDespu\u00e9s de darle seguimiento las autoridades de aquel estado en coordinaci\u00f3n con la Fiscal\u00eda de Nuevo Le\u00f3n, ubicaron al presunto para despu\u00e9s ejecutar una orden de aprehensi\u00f3n despu\u00e9s de seis a\u00f1os de investigaciones.<br \/>\nEl hombre ya se encuentra recluido en un penal estatal de Veracruz.<\/p>\n","protected":false},"excerpt":{"rendered":"<p>Ju\u00e1rez, N.L.- Un hombre que era buscado por un hom1cidio en la ciudad de Tuxpan, Veracruz, se encontraba oculto desde hace seis a\u00f1os en Ju\u00e1rez, Nuevo Le\u00f3n, donde fue de7enido. Ad\u00e1n \u201cN\u201d alias El G\u00fcero\u201d era buscado desde el a\u00f1o 2020 por la presunta mu3rte de Gabriel Machuca Francisco el 13 de diciembre del 2020, [&hellip;]<\/p>\n","protected":false},"author":14,"featured_media":119948,"comment_status":"closed","ping_status":"closed","sticky":false,"template":"","format":"standard","meta":{"footnotes":""},"categories":[10],"tags":[],"class_list":["post-119936","post","type-post","status-publish","format-standard","has-post-thumbnail","hentry","category-seguridad-juarez"],"_links":{"self":[{"href":"https:\/\/laultimapalabra.com.mx\/portal\/wp-json\/wp\/v2\/posts\/119936","targetHints":{"allow":["GET"]}}],"collection":[{"href":"https:\/\/laultimapalabra.com.mx\/portal\/wp-json\/wp\/v2\/posts"}],"about":[{"href":"https:\/\/laultimapalabra.com.mx\/portal\/wp-json\/wp\/v2\/types\/post"}],"author":[{"embeddable":true,"href":"https:\/\/laultimapalabra.com.mx\/portal\/wp-json\/wp\/v2\/users\/14"}],"replies":[{"embeddable":true,"href":"https:\/\/laultimapalabra.com.mx\/portal\/wp-json\/wp\/v2\/comments?post=119936"}],"version-history":[{"count":1,"href":"https:\/\/laultimapalabra.com.mx\/portal\/wp-json\/wp\/v2\/posts\/119936\/revisions"}],"predecessor-version":[{"id":119949,"href":"https:\/\/laultimapalabra.com.mx\/portal\/wp-json\/wp\/v2\/posts\/119936\/revisions\/119949"}],"wp:featuredmedia":[{"embeddable":true,"href":"https:\/\/laultimapalabra.com.mx\/portal\/wp-json\/wp\/v2\/media\/119948"}],"wp:attachment":[{"href":"https:\/\/laultimapalabra.com.mx\/portal\/wp-json\/wp\/v2\/media?parent=119936"}],"wp:term":[{"taxonomy":"category","embeddable":true,"href":"https:\/\/laultimapalabra.com.mx\/portal\/wp-json\/wp\/v2\/categories?post=119936"},{"taxonomy":"post_tag","embeddable":true,"href":"https:\/\/laultimapalabra.com.mx\/portal\/wp-json\/wp\/v2\/tags?post=119936"}],"curies":[{"name":"wp","href":"https:\/\/api.w.org\/{rel}","templated":true}]}}