                       {"id":119950,"date":"2026-09-03T14:05:01","date_gmt":"2026-09-03T20:05:01","guid":{"rendered":"https:\/\/laultimapalabra.com.mx\/portal\/?p=119950"},"modified":"2026-09-03T14:05:44","modified_gmt":"2026-09-03T20:05:44","slug":"dif-cadereyta-ofrece-lentes-y-auxiliares-auditivos-a-bajo-costo-2","status":"publish","type":"post","link":"https:\/\/laultimapalabra.com.mx\/portal\/dif-cadereyta-ofrece-lentes-y-auxiliares-auditivos-a-bajo-costo-2\/","title":{"rendered":"Ofrece DIF Cadereyta lentes y auxiliares auditivos a bajo costo"},"content":{"rendered":"<p>&nbsp;<\/p>\n<p>Cadereyta, N.L.- El Sistema DIF Cadereyta pone a disposici\u00f3n de la ciudadan\u00eda lentes y auxiliares auditivos a bajo costo, en apoyo a la econom\u00eda familiar.<\/p>\n<p>&nbsp;<\/p>\n<p><img loading=\"lazy\" decoding=\"async\" class=\"alignnone size-medium wp-image-119945\" src=\"https:\/\/laultimapalabra.com.mx\/portal\/wp-content\/uploads\/2026\/09\/WhatsApp-Image-2026-09-03-at-11.40.26-AM-300x225.jpeg\" alt=\"\" width=\"300\" height=\"225\" srcset=\"https:\/\/laultimapalabra.com.mx\/portal\/wp-content\/uploads\/2026\/09\/WhatsApp-Image-2026-09-03-at-11.40.26-AM-300x225.jpeg 300w, https:\/\/laultimapalabra.com.mx\/portal\/wp-content\/uploads\/2026\/09\/WhatsApp-Image-2026-09-03-at-11.40.26-AM-1024x768.jpeg 1024w, https:\/\/laultimapalabra.com.mx\/portal\/wp-content\/uploads\/2026\/09\/WhatsApp-Image-2026-09-03-at-11.40.26-AM-768x576.jpeg 768w, https:\/\/laultimapalabra.com.mx\/portal\/wp-content\/uploads\/2026\/09\/WhatsApp-Image-2026-09-03-at-11.40.26-AM-1536x1152.jpeg 1536w, https:\/\/laultimapalabra.com.mx\/portal\/wp-content\/uploads\/2026\/09\/WhatsApp-Image-2026-09-03-at-11.40.26-AM.jpeg 1600w\" sizes=\"auto, (max-width: 300px) 100vw, 300px\" \/><\/p>\n<p>La atenci\u00f3n se brinda todos los viernes en un horario de 9:30 de la ma\u00f1ana a 12:30 del mediod\u00eda, en las instalaciones ubicadas en Escobedo 103 Ote., en el Centro de Cadereyta Jim\u00e9nez.<\/p>\n<p>Para mayor informaci\u00f3n, los interesados pueden comunicarse al tel\u00e9fono 828 284 03 05.<\/p>\n<p>Se invita a la poblaci\u00f3n que requiera de este apoyo a acudir y aprovechar este beneficio.<\/p>\n","protected":false},"excerpt":{"rendered":"<p>&nbsp; Cadereyta, N.L.- El Sistema DIF Cadereyta pone a disposici\u00f3n de la ciudadan\u00eda lentes y auxiliares auditivos a bajo costo, en apoyo a la econom\u00eda familiar. &nbsp; La atenci\u00f3n se brinda todos los viernes en un horario de 9:30 de la ma\u00f1ana a 12:30 del mediod\u00eda, en las instalaciones ubicadas en Escobedo 103 Ote., en [&hellip;]<\/p>\n","protected":false},"author":14,"featured_media":119946,"comment_status":"closed","ping_status":"closed","sticky":false,"template":"","format":"standard","meta":{"footnotes":""},"categories":[17],"tags":[],"class_list":["post-119950","post","type-post","status-publish","format-standard","has-post-thumbnail","hentry","category-locales-cadereyta"],"_links":{"self":[{"href":"https:\/\/laultimapalabra.com.mx\/portal\/wp-json\/wp\/v2\/posts\/119950","targetHints":{"allow":["GET"]}}],"collection":[{"href":"https:\/\/laultimapalabra.com.mx\/portal\/wp-json\/wp\/v2\/posts"}],"about":[{"href":"https:\/\/laultimapalabra.com.mx\/portal\/wp-json\/wp\/v2\/types\/post"}],"author":[{"embeddable":true,"href":"https:\/\/laultimapalabra.com.mx\/portal\/wp-json\/wp\/v2\/users\/14"}],"replies":[{"embeddable":true,"href":"https:\/\/laultimapalabra.com.mx\/portal\/wp-json\/wp\/v2\/comments?post=119950"}],"version-history":[{"count":3,"href":"https:\/\/laultimapalabra.com.mx\/portal\/wp-json\/wp\/v2\/posts\/119950\/revisions"}],"predecessor-version":[{"id":119953,"href":"https:\/\/laultimapalabra.com.mx\/portal\/wp-json\/wp\/v2\/posts\/119950\/revisions\/119953"}],"wp:featuredmedia":[{"embeddable":true,"href":"https:\/\/laultimapalabra.com.mx\/portal\/wp-json\/wp\/v2\/media\/119946"}],"wp:attachment":[{"href":"https:\/\/laultimapalabra.com.mx\/portal\/wp-json\/wp\/v2\/media?parent=119950"}],"wp:term":[{"taxonomy":"category","embeddable":true,"href":"https:\/\/laultimapalabra.com.mx\/portal\/wp-json\/wp\/v2\/categories?post=119950"},{"taxonomy":"post_tag","embeddable":true,"href":"https:\/\/laultimapalabra.com.mx\/portal\/wp-json\/wp\/v2\/tags?post=119950"}],"curies":[{"name":"wp","href":"https:\/\/api.w.org\/{rel}","templated":true}]}}