                       {"id":119975,"date":"2026-09-03T15:12:41","date_gmt":"2026-09-03T21:12:41","guid":{"rendered":"https:\/\/laultimapalabra.com.mx\/portal\/?p=119975"},"modified":"2026-09-03T15:12:41","modified_gmt":"2026-09-03T21:12:41","slug":"padre-asesina-a-su-familia-en-francia-dos-eran-ninos-de-6-y-9","status":"publish","type":"post","link":"https:\/\/laultimapalabra.com.mx\/portal\/padre-asesina-a-su-familia-en-francia-dos-eran-ninos-de-6-y-9\/","title":{"rendered":"Padre asesina a su familia en Francia; dos eran ni\u00f1os de 6 y 9"},"content":{"rendered":"<p>&nbsp;<\/p>\n<p>Cuatro miembros de una familia murieron a tiros este mi\u00e9rcoles en el noreste de Francia en lo que los primeros elementos apuntan a una matanza cometida por el padre que luego se quit\u00f3 la vida. Los hechos ocurrieron este jueves a las 20:00 hora local, Los cuerpos encontrados por la polic\u00eda son los de un hombre, una mujer con la que estaba en proceso de divorcio, y los hijos de 6 y 9 a\u00f1os.<br \/>\nDe acuerdo con la versi\u00f3n de los hechos recopilada por el peri\u00f3dico, el hombre mat\u00f3 con un fusil a los otros tres miembros de la familia antes de utilizarlo para quitarse la vida.<\/p>\n<p>FUENTE: INFO7<\/p>\n","protected":false},"excerpt":{"rendered":"<p>&nbsp; Cuatro miembros de una familia murieron a tiros este mi\u00e9rcoles en el noreste de Francia en lo que los primeros elementos apuntan a una matanza cometida por el padre que luego se quit\u00f3 la vida. Los hechos ocurrieron este jueves a las 20:00 hora local, Los cuerpos encontrados por la polic\u00eda son los de [&hellip;]<\/p>\n","protected":false},"author":14,"featured_media":119969,"comment_status":"closed","ping_status":"closed","sticky":false,"template":"","format":"standard","meta":{"footnotes":""},"categories":[16],"tags":[],"class_list":["post-119975","post","type-post","status-publish","format-standard","has-post-thumbnail","hentry","category-internacional"],"_links":{"self":[{"href":"https:\/\/laultimapalabra.com.mx\/portal\/wp-json\/wp\/v2\/posts\/119975","targetHints":{"allow":["GET"]}}],"collection":[{"href":"https:\/\/laultimapalabra.com.mx\/portal\/wp-json\/wp\/v2\/posts"}],"about":[{"href":"https:\/\/laultimapalabra.com.mx\/portal\/wp-json\/wp\/v2\/types\/post"}],"author":[{"embeddable":true,"href":"https:\/\/laultimapalabra.com.mx\/portal\/wp-json\/wp\/v2\/users\/14"}],"replies":[{"embeddable":true,"href":"https:\/\/laultimapalabra.com.mx\/portal\/wp-json\/wp\/v2\/comments?post=119975"}],"version-history":[{"count":1,"href":"https:\/\/laultimapalabra.com.mx\/portal\/wp-json\/wp\/v2\/posts\/119975\/revisions"}],"predecessor-version":[{"id":119976,"href":"https:\/\/laultimapalabra.com.mx\/portal\/wp-json\/wp\/v2\/posts\/119975\/revisions\/119976"}],"wp:featuredmedia":[{"embeddable":true,"href":"https:\/\/laultimapalabra.com.mx\/portal\/wp-json\/wp\/v2\/media\/119969"}],"wp:attachment":[{"href":"https:\/\/laultimapalabra.com.mx\/portal\/wp-json\/wp\/v2\/media?parent=119975"}],"wp:term":[{"taxonomy":"category","embeddable":true,"href":"https:\/\/laultimapalabra.com.mx\/portal\/wp-json\/wp\/v2\/categories?post=119975"},{"taxonomy":"post_tag","embeddable":true,"href":"https:\/\/laultimapalabra.com.mx\/portal\/wp-json\/wp\/v2\/tags?post=119975"}],"curies":[{"name":"wp","href":"https:\/\/api.w.org\/{rel}","templated":true}]}}