                       {"id":120028,"date":"2026-09-04T12:54:47","date_gmt":"2026-09-04T18:54:47","guid":{"rendered":"https:\/\/laultimapalabra.com.mx\/portal\/?p=120028"},"modified":"2026-09-04T12:55:09","modified_gmt":"2026-09-04T18:55:09","slug":"se-viste-plaza-principal-de-cadereyta-con-colores-patrios","status":"publish","type":"post","link":"https:\/\/laultimapalabra.com.mx\/portal\/se-viste-plaza-principal-de-cadereyta-con-colores-patrios\/","title":{"rendered":"Se viste plaza principal de Cadereyta con colores patrios"},"content":{"rendered":"<p>Cadereyta, N.L.- Comienzan los preparativos para la celebraci\u00f3n del Grito de Independencia este 15 de septiembre en la Plaza Principal Miguel Hidalgo, en Cadereyta Jim\u00e9nez.<\/p>\n<p><img loading=\"lazy\" decoding=\"async\" class=\"alignnone size-medium wp-image-120001\" src=\"https:\/\/laultimapalabra.com.mx\/portal\/wp-content\/uploads\/2026\/09\/WhatsApp-Image-2026-09-04-at-11.14.47-AM-300x225.jpeg\" alt=\"\" width=\"300\" height=\"225\" srcset=\"https:\/\/laultimapalabra.com.mx\/portal\/wp-content\/uploads\/2026\/09\/WhatsApp-Image-2026-09-04-at-11.14.47-AM-300x225.jpeg 300w, https:\/\/laultimapalabra.com.mx\/portal\/wp-content\/uploads\/2026\/09\/WhatsApp-Image-2026-09-04-at-11.14.47-AM-1024x768.jpeg 1024w, https:\/\/laultimapalabra.com.mx\/portal\/wp-content\/uploads\/2026\/09\/WhatsApp-Image-2026-09-04-at-11.14.47-AM-768x576.jpeg 768w, https:\/\/laultimapalabra.com.mx\/portal\/wp-content\/uploads\/2026\/09\/WhatsApp-Image-2026-09-04-at-11.14.47-AM-1536x1152.jpeg 1536w, https:\/\/laultimapalabra.com.mx\/portal\/wp-content\/uploads\/2026\/09\/WhatsApp-Image-2026-09-04-at-11.14.47-AM.jpeg 1600w\" sizes=\"auto, (max-width: 300px) 100vw, 300px\" \/> <img loading=\"lazy\" decoding=\"async\" class=\"alignnone size-medium wp-image-120000\" src=\"https:\/\/laultimapalabra.com.mx\/portal\/wp-content\/uploads\/2026\/09\/WhatsApp-Image-2026-09-04-at-11.14.47-AM-1-300x225.jpeg\" alt=\"\" width=\"300\" height=\"225\" srcset=\"https:\/\/laultimapalabra.com.mx\/portal\/wp-content\/uploads\/2026\/09\/WhatsApp-Image-2026-09-04-at-11.14.47-AM-1-300x225.jpeg 300w, https:\/\/laultimapalabra.com.mx\/portal\/wp-content\/uploads\/2026\/09\/WhatsApp-Image-2026-09-04-at-11.14.47-AM-1-1024x768.jpeg 1024w, https:\/\/laultimapalabra.com.mx\/portal\/wp-content\/uploads\/2026\/09\/WhatsApp-Image-2026-09-04-at-11.14.47-AM-1-768x576.jpeg 768w, https:\/\/laultimapalabra.com.mx\/portal\/wp-content\/uploads\/2026\/09\/WhatsApp-Image-2026-09-04-at-11.14.47-AM-1-1536x1152.jpeg 1536w, https:\/\/laultimapalabra.com.mx\/portal\/wp-content\/uploads\/2026\/09\/WhatsApp-Image-2026-09-04-at-11.14.47-AM-1.jpeg 1600w\" sizes=\"auto, (max-width: 300px) 100vw, 300px\" \/><\/p>\n<p>Desde los primeros d\u00edas de este mes, personal de la administraci\u00f3n municipal inici\u00f3 con los arreglos y trabajos de embellecimiento tanto en la Presidencia Municipal como en la plaza principal, de cara a las fiestas patrias.<\/p>\n<p><img loading=\"lazy\" decoding=\"async\" class=\"alignnone size-medium wp-image-119996\" src=\"https:\/\/laultimapalabra.com.mx\/portal\/wp-content\/uploads\/2026\/09\/WhatsApp-Image-2026-09-04-at-11.15.33-AM-1-300x225.jpeg\" alt=\"\" width=\"300\" height=\"225\" srcset=\"https:\/\/laultimapalabra.com.mx\/portal\/wp-content\/uploads\/2026\/09\/WhatsApp-Image-2026-09-04-at-11.15.33-AM-1-300x225.jpeg 300w, https:\/\/laultimapalabra.com.mx\/portal\/wp-content\/uploads\/2026\/09\/WhatsApp-Image-2026-09-04-at-11.15.33-AM-1-1024x768.jpeg 1024w, https:\/\/laultimapalabra.com.mx\/portal\/wp-content\/uploads\/2026\/09\/WhatsApp-Image-2026-09-04-at-11.15.33-AM-1-768x576.jpeg 768w, https:\/\/laultimapalabra.com.mx\/portal\/wp-content\/uploads\/2026\/09\/WhatsApp-Image-2026-09-04-at-11.15.33-AM-1-1536x1152.jpeg 1536w, https:\/\/laultimapalabra.com.mx\/portal\/wp-content\/uploads\/2026\/09\/WhatsApp-Image-2026-09-04-at-11.15.33-AM-1.jpeg 1600w\" sizes=\"auto, (max-width: 300px) 100vw, 300px\" \/><img loading=\"lazy\" decoding=\"async\" class=\"alignnone size-medium wp-image-119997\" src=\"https:\/\/laultimapalabra.com.mx\/portal\/wp-content\/uploads\/2026\/09\/WhatsApp-Image-2026-09-04-at-11.15.33-AM-300x225.jpeg\" alt=\"\" width=\"300\" height=\"225\" srcset=\"https:\/\/laultimapalabra.com.mx\/portal\/wp-content\/uploads\/2026\/09\/WhatsApp-Image-2026-09-04-at-11.15.33-AM-300x225.jpeg 300w, https:\/\/laultimapalabra.com.mx\/portal\/wp-content\/uploads\/2026\/09\/WhatsApp-Image-2026-09-04-at-11.15.33-AM-1024x768.jpeg 1024w, https:\/\/laultimapalabra.com.mx\/portal\/wp-content\/uploads\/2026\/09\/WhatsApp-Image-2026-09-04-at-11.15.33-AM-768x576.jpeg 768w, https:\/\/laultimapalabra.com.mx\/portal\/wp-content\/uploads\/2026\/09\/WhatsApp-Image-2026-09-04-at-11.15.33-AM-1536x1152.jpeg 1536w, https:\/\/laultimapalabra.com.mx\/portal\/wp-content\/uploads\/2026\/09\/WhatsApp-Image-2026-09-04-at-11.15.33-AM.jpeg 1600w\" sizes=\"auto, (max-width: 300px) 100vw, 300px\" \/><\/p>\n<p>Entre los trabajos realizados se llevaron a cabo retoques en las letras monumentales de Cadereyta, as\u00ed como en diferentes zonas del primer cuadro, las cuales fueron decoradas con colores patrios.<\/p>\n<p><img loading=\"lazy\" decoding=\"async\" class=\"alignnone size-medium wp-image-119998\" src=\"https:\/\/laultimapalabra.com.mx\/portal\/wp-content\/uploads\/2026\/09\/WhatsApp-Image-2026-09-04-at-11.15.32-AM-300x225.jpeg\" alt=\"\" width=\"300\" height=\"225\" srcset=\"https:\/\/laultimapalabra.com.mx\/portal\/wp-content\/uploads\/2026\/09\/WhatsApp-Image-2026-09-04-at-11.15.32-AM-300x225.jpeg 300w, https:\/\/laultimapalabra.com.mx\/portal\/wp-content\/uploads\/2026\/09\/WhatsApp-Image-2026-09-04-at-11.15.32-AM-1024x768.jpeg 1024w, https:\/\/laultimapalabra.com.mx\/portal\/wp-content\/uploads\/2026\/09\/WhatsApp-Image-2026-09-04-at-11.15.32-AM-768x576.jpeg 768w, https:\/\/laultimapalabra.com.mx\/portal\/wp-content\/uploads\/2026\/09\/WhatsApp-Image-2026-09-04-at-11.15.32-AM-1536x1152.jpeg 1536w, https:\/\/laultimapalabra.com.mx\/portal\/wp-content\/uploads\/2026\/09\/WhatsApp-Image-2026-09-04-at-11.15.32-AM.jpeg 1600w\" sizes=\"auto, (max-width: 300px) 100vw, 300px\" \/><img loading=\"lazy\" decoding=\"async\" class=\"alignnone size-medium wp-image-119999\" src=\"https:\/\/laultimapalabra.com.mx\/portal\/wp-content\/uploads\/2026\/09\/WhatsApp-Image-2026-09-04-at-11.15.30-AM-300x225.jpeg\" alt=\"\" width=\"300\" height=\"225\" srcset=\"https:\/\/laultimapalabra.com.mx\/portal\/wp-content\/uploads\/2026\/09\/WhatsApp-Image-2026-09-04-at-11.15.30-AM-300x225.jpeg 300w, https:\/\/laultimapalabra.com.mx\/portal\/wp-content\/uploads\/2026\/09\/WhatsApp-Image-2026-09-04-at-11.15.30-AM-1024x768.jpeg 1024w, https:\/\/laultimapalabra.com.mx\/portal\/wp-content\/uploads\/2026\/09\/WhatsApp-Image-2026-09-04-at-11.15.30-AM-768x576.jpeg 768w, https:\/\/laultimapalabra.com.mx\/portal\/wp-content\/uploads\/2026\/09\/WhatsApp-Image-2026-09-04-at-11.15.30-AM-1536x1152.jpeg 1536w, https:\/\/laultimapalabra.com.mx\/portal\/wp-content\/uploads\/2026\/09\/WhatsApp-Image-2026-09-04-at-11.15.30-AM.jpeg 1600w\" sizes=\"auto, (max-width: 300px) 100vw, 300px\" \/><\/p>\n<p>Se espera que cientos de familias jimenenses se den cita la noche del 15 de septiembre para disfrutar de esta tradicional celebraci\u00f3n mexicana, llena de orgullo, m\u00fasica y ambiente familiar.<\/p>\n","protected":false},"excerpt":{"rendered":"<p>Cadereyta, N.L.- Comienzan los preparativos para la celebraci\u00f3n del Grito de Independencia este 15 de septiembre en la Plaza Principal Miguel Hidalgo, en Cadereyta Jim\u00e9nez. Desde los primeros d\u00edas de este mes, personal de la administraci\u00f3n municipal inici\u00f3 con los arreglos y trabajos de embellecimiento tanto en la Presidencia Municipal como en la plaza principal, [&hellip;]<\/p>\n","protected":false},"author":14,"featured_media":119998,"comment_status":"closed","ping_status":"closed","sticky":false,"template":"","format":"standard","meta":{"footnotes":""},"categories":[17],"tags":[],"class_list":["post-120028","post","type-post","status-publish","format-standard","has-post-thumbnail","hentry","category-locales-cadereyta"],"_links":{"self":[{"href":"https:\/\/laultimapalabra.com.mx\/portal\/wp-json\/wp\/v2\/posts\/120028","targetHints":{"allow":["GET"]}}],"collection":[{"href":"https:\/\/laultimapalabra.com.mx\/portal\/wp-json\/wp\/v2\/posts"}],"about":[{"href":"https:\/\/laultimapalabra.com.mx\/portal\/wp-json\/wp\/v2\/types\/post"}],"author":[{"embeddable":true,"href":"https:\/\/laultimapalabra.com.mx\/portal\/wp-json\/wp\/v2\/users\/14"}],"replies":[{"embeddable":true,"href":"https:\/\/laultimapalabra.com.mx\/portal\/wp-json\/wp\/v2\/comments?post=120028"}],"version-history":[{"count":2,"href":"https:\/\/laultimapalabra.com.mx\/portal\/wp-json\/wp\/v2\/posts\/120028\/revisions"}],"predecessor-version":[{"id":120030,"href":"https:\/\/laultimapalabra.com.mx\/portal\/wp-json\/wp\/v2\/posts\/120028\/revisions\/120030"}],"wp:featuredmedia":[{"embeddable":true,"href":"https:\/\/laultimapalabra.com.mx\/portal\/wp-json\/wp\/v2\/media\/119998"}],"wp:attachment":[{"href":"https:\/\/laultimapalabra.com.mx\/portal\/wp-json\/wp\/v2\/media?parent=120028"}],"wp:term":[{"taxonomy":"category","embeddable":true,"href":"https:\/\/laultimapalabra.com.mx\/portal\/wp-json\/wp\/v2\/categories?post=120028"},{"taxonomy":"post_tag","embeddable":true,"href":"https:\/\/laultimapalabra.com.mx\/portal\/wp-json\/wp\/v2\/tags?post=120028"}],"curies":[{"name":"wp","href":"https:\/\/api.w.org\/{rel}","templated":true}]}}