                       {"id":12009,"date":"2019-12-11T16:13:20","date_gmt":"2019-12-11T22:13:20","guid":{"rendered":"http:\/\/laultimapalabra.info\/?p=12009"},"modified":"2024-12-11T10:00:44","modified_gmt":"2024-12-11T16:00:44","slug":"va-paola-por-ley-de-amnistia","status":"publish","type":"post","link":"https:\/\/laultimapalabra.com.mx\/portal\/va-paola-por-ley-de-amnistia\/","title":{"rendered":"Va Paola por Ley de Amnist\u00eda"},"content":{"rendered":"<p style=\"text-align: justify;\"><img loading=\"lazy\" decoding=\"async\" class=\"size-medium wp-image-12031 alignright\" src=\"https:\/\/laultimapalabra.com.mx\/portal\/wp-content\/uploads\/2019\/12\/WhatsApp-Image-2019-12-11-at-3.52.40-PM-300x200.jpeg\" alt=\"\" width=\"300\" height=\"200\" \/>Cadereyta Jim\u00e9nez, N. L.- En otro tema de relevancia, hoy se votar\u00e1 la Ley de Amnist\u00eda en el Congreso de la Uni\u00f3n, donde la diputada federal por Morena, Paola Gonz\u00e1lez Casta\u00f1eda dijo estar a favor por ser el primer paso que vendr\u00e1 a beneficiar a muchos reclusos que fueron internados en penales por delitos federales que comprendan los temas de aborto, robo, consumo y\/o producci\u00f3n de drogas.<br \/>\nAdvirti\u00f3 que es algo que no existe en las leyes mexicanas, pero que sin duda ayudar\u00e1 por ejemplo en casos donde mujeres est\u00e1n presas por un homicidio realizado bajo amenazas o de fuerte violencia familiar por ejemplo.<br \/>\nQue para que las personas se hagan acreedoras a estos beneficios de obtener su libertad, tendr\u00e1n que comprobar haber tenido una mala defensa o en su caso, comprobar que realizaron los hechos mediante amenazas o por presiones de terceros.<br \/>\nY aclar\u00f3 que recobrar su libertad, no eximir\u00e1 a las personas de tener que realizar la reparaci\u00f3n de da\u00f1os a las v\u00edctimas de los casos.<\/p>\n","protected":false},"excerpt":{"rendered":"<p>Cadereyta Jim\u00e9nez, N. L.- En otro tema de relevancia, hoy se votar\u00e1 la Ley de Amnist\u00eda en el Congreso de la Uni\u00f3n, donde la diputada federal por Morena, Paola Gonz\u00e1lez Casta\u00f1eda dijo estar a favor por ser el primer paso que vendr\u00e1 a beneficiar a muchos reclusos que fueron internados en penales por delitos federales [&hellip;]<\/p>\n","protected":false},"author":9,"featured_media":12031,"comment_status":"open","ping_status":"closed","sticky":false,"template":"","format":"standard","meta":{"footnotes":""},"categories":[17],"tags":[1408,1563,1700],"class_list":["post-12009","post","type-post","status-publish","format-standard","has-post-thumbnail","hentry","category-locales-cadereyta","tag-ley-de-amnistia","tag-morena-cadereyta","tag-paola-gonzalez-castaneda"],"_links":{"self":[{"href":"https:\/\/laultimapalabra.com.mx\/portal\/wp-json\/wp\/v2\/posts\/12009","targetHints":{"allow":["GET"]}}],"collection":[{"href":"https:\/\/laultimapalabra.com.mx\/portal\/wp-json\/wp\/v2\/posts"}],"about":[{"href":"https:\/\/laultimapalabra.com.mx\/portal\/wp-json\/wp\/v2\/types\/post"}],"author":[{"embeddable":true,"href":"https:\/\/laultimapalabra.com.mx\/portal\/wp-json\/wp\/v2\/users\/9"}],"replies":[{"embeddable":true,"href":"https:\/\/laultimapalabra.com.mx\/portal\/wp-json\/wp\/v2\/comments?post=12009"}],"version-history":[{"count":1,"href":"https:\/\/laultimapalabra.com.mx\/portal\/wp-json\/wp\/v2\/posts\/12009\/revisions"}],"predecessor-version":[{"id":69333,"href":"https:\/\/laultimapalabra.com.mx\/portal\/wp-json\/wp\/v2\/posts\/12009\/revisions\/69333"}],"wp:featuredmedia":[{"embeddable":true,"href":"https:\/\/laultimapalabra.com.mx\/portal\/wp-json\/"}],"wp:attachment":[{"href":"https:\/\/laultimapalabra.com.mx\/portal\/wp-json\/wp\/v2\/media?parent=12009"}],"wp:term":[{"taxonomy":"category","embeddable":true,"href":"https:\/\/laultimapalabra.com.mx\/portal\/wp-json\/wp\/v2\/categories?post=12009"},{"taxonomy":"post_tag","embeddable":true,"href":"https:\/\/laultimapalabra.com.mx\/portal\/wp-json\/wp\/v2\/tags?post=12009"}],"curies":[{"name":"wp","href":"https:\/\/api.w.org\/{rel}","templated":true}]}}