                       {"id":12017,"date":"2019-12-13T07:00:18","date_gmt":"2019-12-13T13:00:18","guid":{"rendered":"http:\/\/laultimapalabra.info\/?p=12017"},"modified":"2024-12-11T10:00:44","modified_gmt":"2024-12-11T16:00:44","slug":"llega-el-centro-municipal-de-justicia-para-mujeres-y-ninas-a-juarez","status":"publish","type":"post","link":"https:\/\/laultimapalabra.com.mx\/portal\/llega-el-centro-municipal-de-justicia-para-mujeres-y-ninas-a-juarez\/","title":{"rendered":"Llega el Centro Municipal de Justicia para Mujeres y Ni\u00f1as a Ju\u00e1rez"},"content":{"rendered":"<p style=\"text-align: justify;\"><img loading=\"lazy\" decoding=\"async\" class=\"size-medium wp-image-12018 alignleft\" src=\"https:\/\/laultimapalabra.com.mx\/portal\/wp-content\/uploads\/2019\/12\/WhatsApp-Image-2019-12-11-at-2.21.36-PM-300x225.jpeg\" alt=\"\" width=\"300\" height=\"225\" \/> <img loading=\"lazy\" decoding=\"async\" class=\"size-medium wp-image-12020 alignright\" src=\"https:\/\/laultimapalabra.com.mx\/portal\/wp-content\/uploads\/2019\/12\/WhatsApp-Image-2019-12-11-at-2.21.39-PM-1-300x169.jpeg\" alt=\"\" width=\"300\" height=\"169\" \/>Ju\u00e1rez, N. L.- Y este mediod\u00eda, con una inversi\u00f3n de casi 5 millones de pesos el Gobierno Municipal de Ju\u00e1rez, encabezado por Heriberto Trevi\u00f1o Cant\u00fa, inaugur\u00f3 el Centro Municipal de Justicia para Mujeres y Ni\u00f1as en esta ciudad, el cual estar\u00e1 ubicado en el cruce de las calles Avenida Primavera y Vistas de la Anacua de la colonia Vistas del R\u00edo.<br \/>\nSu titular ser\u00e1 la ex directora de Empleo en el municipio, Leticia Mart\u00ednez Malacara, y contar\u00e1 con m\u00e9dico, una unidad de CODE para en caso de denuncias, Jur\u00eddico, Mediador, Servicio Social entre otros.<\/p>\n<p>&nbsp;<\/p>\n","protected":false},"excerpt":{"rendered":"<p>Ju\u00e1rez, N. L.- Y este mediod\u00eda, con una inversi\u00f3n de casi 5 millones de pesos el Gobierno Municipal de Ju\u00e1rez, encabezado por Heriberto Trevi\u00f1o Cant\u00fa, inaugur\u00f3 el Centro Municipal de Justicia para Mujeres y Ni\u00f1as en esta ciudad, el cual estar\u00e1 ubicado en el cruce de las calles Avenida Primavera y Vistas de la Anacua [&hellip;]<\/p>\n","protected":false},"author":9,"featured_media":12019,"comment_status":"open","ping_status":"closed","sticky":false,"template":"","format":"standard","meta":{"footnotes":""},"categories":[18,7],"tags":[519,1188],"class_list":["post-12017","post","type-post","status-publish","format-standard","has-post-thumbnail","hentry","category-locales-juarez","category-portada-juarez","tag-cejum-juarez","tag-heriberto-trevino-cantu"],"_links":{"self":[{"href":"https:\/\/laultimapalabra.com.mx\/portal\/wp-json\/wp\/v2\/posts\/12017","targetHints":{"allow":["GET"]}}],"collection":[{"href":"https:\/\/laultimapalabra.com.mx\/portal\/wp-json\/wp\/v2\/posts"}],"about":[{"href":"https:\/\/laultimapalabra.com.mx\/portal\/wp-json\/wp\/v2\/types\/post"}],"author":[{"embeddable":true,"href":"https:\/\/laultimapalabra.com.mx\/portal\/wp-json\/wp\/v2\/users\/9"}],"replies":[{"embeddable":true,"href":"https:\/\/laultimapalabra.com.mx\/portal\/wp-json\/wp\/v2\/comments?post=12017"}],"version-history":[{"count":1,"href":"https:\/\/laultimapalabra.com.mx\/portal\/wp-json\/wp\/v2\/posts\/12017\/revisions"}],"predecessor-version":[{"id":69337,"href":"https:\/\/laultimapalabra.com.mx\/portal\/wp-json\/wp\/v2\/posts\/12017\/revisions\/69337"}],"wp:featuredmedia":[{"embeddable":true,"href":"https:\/\/laultimapalabra.com.mx\/portal\/wp-json\/"}],"wp:attachment":[{"href":"https:\/\/laultimapalabra.com.mx\/portal\/wp-json\/wp\/v2\/media?parent=12017"}],"wp:term":[{"taxonomy":"category","embeddable":true,"href":"https:\/\/laultimapalabra.com.mx\/portal\/wp-json\/wp\/v2\/categories?post=12017"},{"taxonomy":"post_tag","embeddable":true,"href":"https:\/\/laultimapalabra.com.mx\/portal\/wp-json\/wp\/v2\/tags?post=12017"}],"curies":[{"name":"wp","href":"https:\/\/api.w.org\/{rel}","templated":true}]}}