                       {"id":12061,"date":"2019-12-12T14:51:41","date_gmt":"2019-12-12T20:51:41","guid":{"rendered":"http:\/\/laultimapalabra.info\/?p=12061"},"modified":"2024-12-11T10:00:45","modified_gmt":"2024-12-11T16:00:45","slug":"llevara-caso-de-garcia-luna-juez-de-chapo","status":"publish","type":"post","link":"https:\/\/laultimapalabra.com.mx\/portal\/llevara-caso-de-garcia-luna-juez-de-chapo\/","title":{"rendered":"Llevar\u00e1 caso de Garc\u00eda Luna juez de Chapo"},"content":{"rendered":"<p style=\"text-align: justify;\"><img loading=\"lazy\" decoding=\"async\" class=\"size-medium wp-image-12062 alignleft\" src=\"https:\/\/laultimapalabra.com.mx\/portal\/wp-content\/uploads\/2019\/12\/8508123-300x200.jpg\" alt=\"\" width=\"300\" height=\"200\" \/>Cd. de M\u00e9xico (12 diciembre 2019).- El juez federal de Nueva York que conden\u00f3 a cadena perpetua a Joaqu\u00edn &#8220;El Chapo&#8221; Guzm\u00e1n llevar\u00e1 el proceso contra Genaro Garc\u00eda Luna, ex Secretario de Seguridad P\u00fablica detenido este lunes en Dallas, Texas.<br \/>\nLa Corte para el Distrito Este de Nueva York, en Brooklyn, acept\u00f3 hoy la solicitud del Departamento de Justicia para que el caso del ex mando quede a cargo del juez Brian M. Cogan, que en en julio pasado impuso prisi\u00f3n vitalicia al l\u00edder del C\u00e1rtel de Sinaloa y lo conden\u00f3 por &#8220;su abrumadora maldad&#8221;.<br \/>\nEl 4 de diciembre, cuando se present\u00f3 en secreto la acusaci\u00f3n contra Garc\u00eda Luna por cuatro cargos de narcotr\u00e1fico y declaraciones falsas, el expediente fue turnado a Raymond Dearie, otro de los jueces de la misma Corte.<br \/>\nEl 9 de diciembre, el fiscal Richard P. Donoghue present\u00f3 una carta bajo sello en la que pidi\u00f3 reasignar el caso a Cogan.<br \/>\nEn una orden emitida hoy, este \u00faltimo determin\u00f3 que la audiencia de imputaci\u00f3n de Garc\u00eda Luna, que a\u00fan no tiene fecha, estar\u00e1 a cargo de un juez magistrado, una figura similar a la de los jueces de control en M\u00e9xico.<br \/>\nEl martes pasado, Donoghue pidi\u00f3 a la Corte colocar a Garc\u00eda Luna bajo detenci\u00f3n permanente a la espera de su juicio, pues considera que representa un alto riesgo de fuga y no hay manera de garantizar que seguir\u00e1 compareciendo. Esta solicitud la decidir\u00e1 el juez magistrado.<br \/>\nCogan supervisar\u00e1 el resto del proceso e impondr\u00e1 la condena a Garc\u00eda Luna, tanto si acepta declararse culpable, como si decide ir a juicio y un jurado lo encuentra responsable.<br \/>\nDonoghue enfatiz\u00f3 que uno de los principales testigos contra el ex funcionario mexicano ser\u00e1 Jes\u00fas &#8220;El Rey&#8221; Zambada Garc\u00eda, hermano de Ismael &#8220;El Mayo&#8221; Zambada, quien durante el juicio contra &#8220;El Chapo&#8221; en febrero pasado afirm\u00f3 haber entregado al ex Secretario en al menos dos ocasiones maletas con entre tres y cinco millones de d\u00f3lares.<br \/>\n&#8220;Por estas razones, Garc\u00eda Luna est\u00e1 presuntamente relacionado con &#8216;El Chapo&#8217; Guzm\u00e1n. El Gobierno respetuosamente propone que reasignar el caso al juez Cogan ser\u00eda apropiado, ya que resultar\u00eda en un ahorro significativo de recursos judiciales y servir\u00eda al inter\u00e9s de la justicia&#8221;, explic\u00f3 el fiscal.<br \/>\nComo presidi\u00f3 el juicio contra Guzm\u00e1n, Cogan est\u00e1 familiarizado con buena parte de los &#8220;m\u00faltiples testigos colaboradores&#8221; que seg\u00fan la fiscal\u00eda est\u00e1n dispuestos a declarar contra Garc\u00eda Luna, acusado de recibir sobornos millonarios del C\u00e1rtel, sobre todo de 2006 a 2012 cuando encabez\u00f3 la SSP.<br \/>\nEl ex mando est\u00e1 preso en Dallas, donde el 17 de septiembre comparecer\u00e1 ante el juez David L. Horan en una audiencia para confirmar su detenci\u00f3n provisional, despu\u00e9s de la cual seguramente ser\u00e1 enviado a Nueva York.<\/p>\n<p style=\"text-align: justify;\">fuente: EL NORTE<\/p>\n","protected":false},"excerpt":{"rendered":"<p>Cd. de M\u00e9xico (12 diciembre 2019).- El juez federal de Nueva York que conden\u00f3 a cadena perpetua a Joaqu\u00edn &#8220;El Chapo&#8221; Guzm\u00e1n llevar\u00e1 el proceso contra Genaro Garc\u00eda Luna, ex Secretario de Seguridad P\u00fablica detenido este lunes en Dallas, Texas. La Corte para el Distrito Este de Nueva York, en Brooklyn, acept\u00f3 hoy la solicitud [&hellip;]<\/p>\n","protected":false},"author":9,"featured_media":12062,"comment_status":"open","ping_status":"closed","sticky":false,"template":"","format":"standard","meta":{"footnotes":""},"categories":[19,8],"tags":[1141],"class_list":["post-12061","post","type-post","status-publish","format-standard","has-post-thumbnail","hentry","category-nacional","category-seguridad","tag-genaro-garcia-luna"],"_links":{"self":[{"href":"https:\/\/laultimapalabra.com.mx\/portal\/wp-json\/wp\/v2\/posts\/12061","targetHints":{"allow":["GET"]}}],"collection":[{"href":"https:\/\/laultimapalabra.com.mx\/portal\/wp-json\/wp\/v2\/posts"}],"about":[{"href":"https:\/\/laultimapalabra.com.mx\/portal\/wp-json\/wp\/v2\/types\/post"}],"author":[{"embeddable":true,"href":"https:\/\/laultimapalabra.com.mx\/portal\/wp-json\/wp\/v2\/users\/9"}],"replies":[{"embeddable":true,"href":"https:\/\/laultimapalabra.com.mx\/portal\/wp-json\/wp\/v2\/comments?post=12061"}],"version-history":[{"count":1,"href":"https:\/\/laultimapalabra.com.mx\/portal\/wp-json\/wp\/v2\/posts\/12061\/revisions"}],"predecessor-version":[{"id":69359,"href":"https:\/\/laultimapalabra.com.mx\/portal\/wp-json\/wp\/v2\/posts\/12061\/revisions\/69359"}],"wp:featuredmedia":[{"embeddable":true,"href":"https:\/\/laultimapalabra.com.mx\/portal\/wp-json\/"}],"wp:attachment":[{"href":"https:\/\/laultimapalabra.com.mx\/portal\/wp-json\/wp\/v2\/media?parent=12061"}],"wp:term":[{"taxonomy":"category","embeddable":true,"href":"https:\/\/laultimapalabra.com.mx\/portal\/wp-json\/wp\/v2\/categories?post=12061"},{"taxonomy":"post_tag","embeddable":true,"href":"https:\/\/laultimapalabra.com.mx\/portal\/wp-json\/wp\/v2\/tags?post=12061"}],"curies":[{"name":"wp","href":"https:\/\/api.w.org\/{rel}","templated":true}]}}