                       {"id":12078,"date":"2019-12-12T17:44:08","date_gmt":"2019-12-12T23:44:08","guid":{"rendered":"http:\/\/laultimapalabra.info\/?p=12078"},"modified":"2024-12-11T10:00:45","modified_gmt":"2024-12-11T16:00:45","slug":"la-guarida-del-mapache-92","status":"publish","type":"post","link":"https:\/\/laultimapalabra.com.mx\/portal\/la-guarida-del-mapache-92\/","title":{"rendered":"La Guarida del Mapache"},"content":{"rendered":"<p><img loading=\"lazy\" decoding=\"async\" class=\"size-medium wp-image-155 alignleft\" src=\"https:\/\/laultimapalabra.com.mx\/portal\/wp-content\/uploads\/2018\/02\/mapache-300x282.jpeg\" alt=\"\" width=\"300\" height=\"282\" \/>Por: El Mapache<\/p>\n<p style=\"text-align: justify;\">\u00bfC\u00f3mo est\u00e1 mi querida raza mapachuda? Espero que anden a todisima m\u00e1user as\u00ed como su servilleta, y como es weekend casi navide\u00f1o, pues comencemos con cosas buena onda jejeje pa que despu\u00e9s no anden ah\u00ed quej\u00e1ndose que uno nomas los anda exhibiendo (si se portaran bien eso no les pasar\u00eda jejeje) pero bueno, nada m\u00e1s quieren ser servidores p\u00fablicos para lo que les conviene, ni hablar.<br \/>\nCUMPLES<br \/>\nY de lo bueno pues son los cumplea\u00f1os, y esta semanuca estuvieron de manteles largos, el Lalo \u201cChupitos\u201d Leal y el buen Sam \u201cBigotes\u201d de Prensa2, el primero all\u00e1 a inicios de la semana y el segundo tendr\u00e1 su pachang\u00f3n ma\u00f1ana que se hace un a\u00f1o m\u00e1s ruco jejeje CONGRATS para ellos.<br \/>\nLUPITAS<br \/>\nY no cuentan como atrasadas porque aqu\u00ed su servilleta sale hoy eh, pero muchas congrats a todas las lupitas, sobre todo a la \u201cfirts\u201d lady y due\u00f1a de las quincenas, o mitades de quincenas del \u201cBigoton\u201d Quintanilla, Marthita de los \u201cCisnes\u201d quien adem\u00e1s de ser \u201cLupita\u201d pues ayer tambi\u00e9n estuvo de cumple, esperamos que se la haya pasado a todo dar y que el mandamas del muni se haya \u201cdiscutido\u201d con el regalito jejeje \u00a1\u00a1Muchas felicidades!! Al igual que mandamos abrazos y felicitaciones a la ni\u00f1a bella de Cadiz, a la werita consentida de nuestro canal, a la Kat Cavacitos, que tambi\u00e9n estuvo de cumple ayer con las lupitas y pues le deseamos siga siendo as\u00ed de sencilla y buena onda como hasta ahora.<br \/>\nCONSIGNA<br \/>\nOigan y van a decir que aqu\u00ed su humilde servilleta ya traigo de encargo al \u201ctomandante Chinto Despeinado\u201d pero es que la neta no se si o \u00e9l anda como el partido en el poder: \u201cverdeson\u201d jejeje o de plano si no sabe ni qu\u00e9 onda con la corporation que est\u00e1 encabezando, lo \u00fanico cierto es que yo cumplo con se\u00f1alar lo que supongo est\u00e1 mal eh! alla ellos si la siguen cajeteando jejeje.<br \/>\nPATRULLAS<br \/>\nPa\u00b4empezar d\u00e9jenme les digo que pues tenemos chin\u2026de patrullas, pero no tenemos oficiales jejejeje y ahora est\u00e1n mandando de a uno por uno, \u00bfustedes creen semejante cosa? Digo!! Si de a dos los balacean y los corretean, pues no quiero ni pensar el peligro que corren al andar solos jejeje alguna estrategia debe tener su mando para arriesgarlos de esa manera \u00bfo no?<br \/>\nTURNOS<br \/>\nY como les dije, como que al secre de Seguridad sus chamacos nom\u00e1s no le caen bien, porque adem\u00e1s de traerlos de remolque, pues ahora parece que les quiere cambiar el turno de 12 por 12 horas, as\u00ed como lo leen, si estos ingratos bien descansados meten las patas raza, pues adormilados \u00a1Imaginense! Hay que pensar bien ese tipo de detalles compis, y para que vean que no es pleito con el cuate este. Acu\u00e9rdense que lo mismo llegue a comentar cuando la administration del \u201cBurroTello\u201d Arizpe, quien tra\u00eda pero que si bien descabezados a los polis porque nom\u00e1s no descansaban bien, en fin veremos qu\u00e9 cambios sigue haciendo y si en realidad le resultan como se est\u00e1 esperando.<br \/>\nINVERSION<br \/>\nEso s\u00ed, por lana el secre de seguridad no podr\u00e1 quejarse, con tremendas torres de seguridad que le compr\u00f3 el compi \u201cBigotes\u201d Quintanilla como dice la raza ahora lo que le har\u00e1 falta ser\u00e1n buenos polis jejeje as\u00ed dijeron eehh!! No vayan a creer que es de mi cosecha el asunto jejeje pero si, definitivamente s\u00ed que le faltan polis.<br \/>\nCUETES<br \/>\nY acu\u00e9rdense raza que no habr\u00e1 venta legal de cuetes, ev\u00edtense broncas con las<br \/>\n\u201cbendis\u201d y que corran riesgos innecesarios compis, qu\u00e9 necesidad hay verdad, porque la neta no traen nada bueno y si que sacan unos\u2026sustotes jejejeje que para qu\u00e9 les cuento compis, mejor hagan uso de eso de los globos de cantoya o esas ondas que son menos riesgosas.<br \/>\nRECORDATORIO<br \/>\nY como mi servicio a la comunidad de esta semanuca raza, quiero mandarle un recordatorio a mi cuate \u201cRafita\u201d de Desenrollo Urbano y Obras para que no se le olvide que tenemos un desmauser en la calle Adolfo Lopez Mateos, si hombre!! Esa que est\u00e1 a un lado de la cl\u00ednica del IMSS y que ya tiene un buen rato que no se le ve movimiento, porque aqu\u00ed su servilleta pasa y pasa, y nada mas no veo maquinas ni nada, digo!! No se les \u201chaiga\u201d olvidado jejeje pero por si las moscas aqu\u00ed se las recordamos\u2026.La obra pues, para ver si le dan celeridad y la terminan antes de que se acabe el 2019.<br \/>\nDESFILE NAVIDE\u00d1O<br \/>\nY no se les vaya a olvidar raza que hoy es el desfile Navidad Magica, traeganse a las \u201cbendis\u201d a divertirse un rato, pero eso si con mucha precaucion y bien abrigados por aquello del fresco, y no dudamos ni poquito que aprovechando la presencia de varios \u201csanta Claus\u201d los disfuncionarios p\u00fablicos empiecen a pedir sus \u201chuesos\u201d jejeje digo!! sus pr\u00f3ximas enmiendas pol\u00edticas raza, aunque si les soy sincero pues yo a la \u00fanica como que le veo que la anda buscando en serio es a la patrona del \u201ctesoritos Johny Frank\u201d, a la \u201crugi Patito Gonzalez\u201d quien desde mucho antes de entrar a la Presi se la \u201cpartia\u201d por el Green, \u00bfser\u00e1 que ya tiene apalabrada la dipu como dicen por ah\u00ed? Es pregunta\u2026. Jejeje la vemos.<\/p>\n","protected":false},"excerpt":{"rendered":"<p>Por: El Mapache \u00bfC\u00f3mo est\u00e1 mi querida raza mapachuda? Espero que anden a todisima m\u00e1user as\u00ed como su servilleta, y como es weekend casi navide\u00f1o, pues comencemos con cosas buena onda jejeje pa que despu\u00e9s no anden ah\u00ed quej\u00e1ndose que uno nomas los anda exhibiendo (si se portaran bien eso no les pasar\u00eda jejeje) pero [&hellip;]<\/p>\n","protected":false},"author":9,"featured_media":155,"comment_status":"open","ping_status":"closed","sticky":false,"template":"","format":"standard","meta":{"footnotes":""},"categories":[1],"tags":[940],"class_list":["post-12078","post","type-post","status-publish","format-standard","has-post-thumbnail","hentry","category-noticias","tag-el-mapache-la-guarida-del-mapache"],"_links":{"self":[{"href":"https:\/\/laultimapalabra.com.mx\/portal\/wp-json\/wp\/v2\/posts\/12078","targetHints":{"allow":["GET"]}}],"collection":[{"href":"https:\/\/laultimapalabra.com.mx\/portal\/wp-json\/wp\/v2\/posts"}],"about":[{"href":"https:\/\/laultimapalabra.com.mx\/portal\/wp-json\/wp\/v2\/types\/post"}],"author":[{"embeddable":true,"href":"https:\/\/laultimapalabra.com.mx\/portal\/wp-json\/wp\/v2\/users\/9"}],"replies":[{"embeddable":true,"href":"https:\/\/laultimapalabra.com.mx\/portal\/wp-json\/wp\/v2\/comments?post=12078"}],"version-history":[{"count":1,"href":"https:\/\/laultimapalabra.com.mx\/portal\/wp-json\/wp\/v2\/posts\/12078\/revisions"}],"predecessor-version":[{"id":69369,"href":"https:\/\/laultimapalabra.com.mx\/portal\/wp-json\/wp\/v2\/posts\/12078\/revisions\/69369"}],"wp:featuredmedia":[{"embeddable":true,"href":"https:\/\/laultimapalabra.com.mx\/portal\/wp-json\/"}],"wp:attachment":[{"href":"https:\/\/laultimapalabra.com.mx\/portal\/wp-json\/wp\/v2\/media?parent=12078"}],"wp:term":[{"taxonomy":"category","embeddable":true,"href":"https:\/\/laultimapalabra.com.mx\/portal\/wp-json\/wp\/v2\/categories?post=12078"},{"taxonomy":"post_tag","embeddable":true,"href":"https:\/\/laultimapalabra.com.mx\/portal\/wp-json\/wp\/v2\/tags?post=12078"}],"curies":[{"name":"wp","href":"https:\/\/api.w.org\/{rel}","templated":true}]}}