                       {"id":12103,"date":"2019-12-13T15:02:44","date_gmt":"2019-12-13T21:02:44","guid":{"rendered":"http:\/\/laultimapalabra.info\/?p=12103"},"modified":"2024-12-11T10:00:45","modified_gmt":"2024-12-11T16:00:45","slug":"pide-amlo-limpia-de-ligados-a-garcia-luna","status":"publish","type":"post","link":"https:\/\/laultimapalabra.com.mx\/portal\/pide-amlo-limpia-de-ligados-a-garcia-luna\/","title":{"rendered":"Pide AMLO &#8216;limpia&#8217; de ligados a Garc\u00eda Luna"},"content":{"rendered":"<p style=\"text-align: justify;\">Genaro Garc\u00eda Luna, ex titular de SSP en sexenio de Calder\u00f3n, fue detenido en Texas ante acusaci\u00f3n de EU de v\u00ednculos con el narcotr\u00e1fico.<\/p>\n<p style=\"text-align: justify;\"><img loading=\"lazy\" decoding=\"async\" class=\"size-medium wp-image-12104 alignright\" src=\"https:\/\/laultimapalabra.com.mx\/portal\/wp-content\/uploads\/2019\/12\/8508123-1-300x200.jpg\" alt=\"\" width=\"300\" height=\"200\" \/>Cd. de M\u00e9xico (13 diciembre 2019).- El Presidente L\u00f3pez Obrador asegur\u00f3 que gir\u00f3 instrucciones para indagar y retirar del Gobierno a funcionarios vinculados al ex titular de SSP Genaro Garc\u00eda Luna, detenido en EU acusado de nexos con el narcotr\u00e1fico.<br \/>\n&#8220;Ahora con la detenci\u00f3n de Garc\u00eda Luna, lo mismo, ya gir\u00e9 instrucciones para que se haga una revisi\u00f3n en el actual Gobierno, qui\u00e9nes participaron y estuvieron en el equipo de Garc\u00eda Luna, qui\u00e9nes despu\u00e9s del Gobierno de Calder\u00f3n pasaron de ese equipo al de Pe\u00f1a y llegaron hasta nosotros, si es que los hay&#8221;, indic\u00f3.<br \/>\n&#8220;Pero si los hay y estuvieron actuando este tipo de funciones, para afuera, para afuera. Nosotros llegamos aqu\u00ed para cambiar las cosas y est\u00e1 escrito: no se va a tolerar la corrupci\u00f3n y la impunidad ni de mi familia&#8221;.<br \/>\nGarc\u00eda Luna fue detenido el lunes pasado en Dallas, Texas, acusado de corrupci\u00f3n por recibir sobornos millonarios del C\u00e1rtel de Sinaloa.<br \/>\nEn d\u00edas pasados, el Presidente se\u00f1al\u00f3 que no aprovechar\u00e1 la captura del ex titular de SSP para atacar pol\u00edticamente a su antecesor, Felipe Calder\u00f3n, pero que tampoco aplicar\u00e1 el llamado &#8220;punto final&#8221; en caso de que las investigaciones lleguen hasta \u00e9l.<\/p>\n<p style=\"text-align: justify;\">FUENTE: EL NORTE<\/p>\n","protected":false},"excerpt":{"rendered":"<p>Genaro Garc\u00eda Luna, ex titular de SSP en sexenio de Calder\u00f3n, fue detenido en Texas ante acusaci\u00f3n de EU de v\u00ednculos con el narcotr\u00e1fico. Cd. de M\u00e9xico (13 diciembre 2019).- El Presidente L\u00f3pez Obrador asegur\u00f3 que gir\u00f3 instrucciones para indagar y retirar del Gobierno a funcionarios vinculados al ex titular de SSP Genaro Garc\u00eda Luna, [&hellip;]<\/p>\n","protected":false},"author":9,"featured_media":12104,"comment_status":"open","ping_status":"closed","sticky":false,"template":"","format":"standard","meta":{"footnotes":""},"categories":[19,8],"tags":[124,1141],"class_list":["post-12103","post","type-post","status-publish","format-standard","has-post-thumbnail","hentry","category-nacional","category-seguridad","tag-amlo","tag-genaro-garcia-luna"],"_links":{"self":[{"href":"https:\/\/laultimapalabra.com.mx\/portal\/wp-json\/wp\/v2\/posts\/12103","targetHints":{"allow":["GET"]}}],"collection":[{"href":"https:\/\/laultimapalabra.com.mx\/portal\/wp-json\/wp\/v2\/posts"}],"about":[{"href":"https:\/\/laultimapalabra.com.mx\/portal\/wp-json\/wp\/v2\/types\/post"}],"author":[{"embeddable":true,"href":"https:\/\/laultimapalabra.com.mx\/portal\/wp-json\/wp\/v2\/users\/9"}],"replies":[{"embeddable":true,"href":"https:\/\/laultimapalabra.com.mx\/portal\/wp-json\/wp\/v2\/comments?post=12103"}],"version-history":[{"count":1,"href":"https:\/\/laultimapalabra.com.mx\/portal\/wp-json\/wp\/v2\/posts\/12103\/revisions"}],"predecessor-version":[{"id":69381,"href":"https:\/\/laultimapalabra.com.mx\/portal\/wp-json\/wp\/v2\/posts\/12103\/revisions\/69381"}],"wp:featuredmedia":[{"embeddable":true,"href":"https:\/\/laultimapalabra.com.mx\/portal\/wp-json\/"}],"wp:attachment":[{"href":"https:\/\/laultimapalabra.com.mx\/portal\/wp-json\/wp\/v2\/media?parent=12103"}],"wp:term":[{"taxonomy":"category","embeddable":true,"href":"https:\/\/laultimapalabra.com.mx\/portal\/wp-json\/wp\/v2\/categories?post=12103"},{"taxonomy":"post_tag","embeddable":true,"href":"https:\/\/laultimapalabra.com.mx\/portal\/wp-json\/wp\/v2\/tags?post=12103"}],"curies":[{"name":"wp","href":"https:\/\/api.w.org\/{rel}","templated":true}]}}